{"id":308341,"date":"2024-09-12T11:40:46","date_gmt":"2024-09-12T08:40:46","guid":{"rendered":"https:\/\/sana.sy\/tr\/?p=308341"},"modified":"2024-09-24T14:48:14","modified_gmt":"2024-09-24T11:48:14","slug":"israilin-kuneytra-kirsalina-yonelik-saldirisi-sonucu-iki-vatandas-sehit-dustu","status":"publish","type":"post","link":"https:\/\/archive.sana.sy\/tr\/?p=308341","title":{"rendered":"\u0130srail&#8217;in Kuneytire K\u0131rsal\u0131na Y\u00f6nelik Sald\u0131rganl\u0131\u011f\u0131 Sonucu \u0130ki Vatanda\u015f \u015eehit D\u00fc\u015ft\u00fc"},"content":{"rendered":"<p style=\"text-align: justify;\"><strong>KUNEYTRA (SANA) \u2013 <\/strong>\u0130srail&#8217;in \u015eam-Kuneytire yolu \u00fczerindeki Han Arnabe kasabas\u0131n\u0131n do\u011fu giri\u015finde sivil bir arac\u0131 f\u00fczeyle hedef alan insans\u0131z hava arac\u0131 sald\u0131rganl\u0131\u011f\u0131 sonucu 2 vatanda\u015f \u015fehit d\u00fc\u015ft\u00fc.<\/p>\n<p style=\"text-align: justify;\">SANA muhabiri, d\u00fc\u015fman \u0130srail&#8217;in vilayetin g\u00fcneybat\u0131 k\u0131rsal\u0131ndaki El Rafid kasabas\u0131na da top mermileriyle sald\u0131rd\u0131\u011f\u0131n\u0131 ve kasabal\u0131lardan birinin yaraland\u0131\u011f\u0131n\u0131 belirtti.<\/p>\n<p style=\"text-align: center;\"><strong><a href=\"https:\/\/t.me\/SuriyeArapHaberAjansI\">Telegram Kanal\u0131m\u0131z\u00a0<\/a>||<a href=\"https:\/\/twitter.com\/arap_ajans\">X Platformumuz\u00a0<\/a>||<a href=\"https:\/\/www.facebook.com\/SANAHaberAjansi\/\">Facebook Sayfam\u0131z<\/a><\/strong><\/p>\n<div id='gallery-1' class='gallery galleryid-308341 gallery-columns-1 gallery-size-large'><figure class='gallery-item'>\n\t\t\t<div class='gallery-icon portrait'>\n\t\t\t\t<a href='https:\/\/archive.sana.sy\/tr\/wp-content\/uploads\/2024\/09\/2-3.jpg'><img loading=\"lazy\" decoding=\"async\" width=\"618\" height=\"969\" src=\"https:\/\/archive.sana.sy\/tr\/wp-content\/uploads\/2024\/09\/2-3-653x1024.jpg\" class=\"attachment-large size-large\" alt=\"\" srcset=\"https:\/\/archive.sana.sy\/tr\/wp-content\/uploads\/2024\/09\/2-3-653x1024.jpg 653w, https:\/\/archive.sana.sy\/tr\/wp-content\/uploads\/2024\/09\/2-3-191x300.jpg 191w, https:\/\/archive.sana.sy\/tr\/wp-content\/uploads\/2024\/09\/2-3.jpg 660w\" sizes=\"auto, (max-width: 618px) 100vw, 618px\" \/><\/a>\n\t\t\t<\/div><\/figure>\n\t\t<\/div>\n\n","protected":false},"excerpt":{"rendered":"<p>KUNEYTRA (SANA) \u2013 \u0130srail&#8217;in \u015eam-Kuneytire yolu \u00fczerindeki Han Arnabe kasabas\u0131n\u0131n do\u011fu giri\u015finde sivil bir arac\u0131 f\u00fczeyle hedef alan insans\u0131z hava arac\u0131 sald\u0131rganl\u0131\u011f\u0131 sonucu 2 vatanda\u015f \u015fehit d\u00fc\u015ft\u00fc. SANA muhabiri, d\u00fc\u015fman \u0130srail&#8217;in vilayetin g\u00fcneybat\u0131 k\u0131rsal\u0131ndaki El Rafid kasabas\u0131na da top mermileriyle sald\u0131rd\u0131\u011f\u0131n\u0131 ve kasabal\u0131lardan birinin yaraland\u0131\u011f\u0131n\u0131 belirtti. Telegram Kanal\u0131m\u0131z\u00a0||X Platformumuz\u00a0||Facebook Sayfam\u0131z<\/p>\n","protected":false},"author":36,"featured_media":308343,"comment_status":"closed","ping_status":"closed","sticky":false,"template":"","format":"standard","meta":{"footnotes":""},"categories":[479,575,17988,478],"tags":[42340,38641],"class_list":["post-308341","post","type-post","status-publish","format-standard","has-post-thumbnail","","category-haberler-yerel","category-olaylar-ve-gercekler","category-son-haberler","category-yerel","tag-israil-kuneytireye-saldirdi","tag-suriyede-son-gelimeler"],"_links":{"self":[{"href":"https:\/\/archive.sana.sy\/tr\/index.php?rest_route=\/wp\/v2\/posts\/308341","targetHints":{"allow":["GET"]}}],"collection":[{"href":"https:\/\/archive.sana.sy\/tr\/index.php?rest_route=\/wp\/v2\/posts"}],"about":[{"href":"https:\/\/archive.sana.sy\/tr\/index.php?rest_route=\/wp\/v2\/types\/post"}],"author":[{"embeddable":true,"href":"https:\/\/archive.sana.sy\/tr\/index.php?rest_route=\/wp\/v2\/users\/36"}],"replies":[{"embeddable":true,"href":"https:\/\/archive.sana.sy\/tr\/index.php?rest_route=%2Fwp%2Fv2%2Fcomments&post=308341"}],"version-history":[{"count":3,"href":"https:\/\/archive.sana.sy\/tr\/index.php?rest_route=\/wp\/v2\/posts\/308341\/revisions"}],"predecessor-version":[{"id":308374,"href":"https:\/\/archive.sana.sy\/tr\/index.php?rest_route=\/wp\/v2\/posts\/308341\/revisions\/308374"}],"wp:featuredmedia":[{"embeddable":true,"href":"https:\/\/archive.sana.sy\/tr\/index.php?rest_route=\/wp\/v2\/media\/308343"}],"wp:attachment":[{"href":"https:\/\/archive.sana.sy\/tr\/index.php?rest_route=%2Fwp%2Fv2%2Fmedia&parent=308341"}],"wp:term":[{"taxonomy":"category","embeddable":true,"href":"https:\/\/archive.sana.sy\/tr\/index.php?rest_route=%2Fwp%2Fv2%2Fcategories&post=308341"},{"taxonomy":"post_tag","embeddable":true,"href":"https:\/\/archive.sana.sy\/tr\/index.php?rest_route=%2Fwp%2Fv2%2Ftags&post=308341"}],"curies":[{"name":"wp","href":"https:\/\/api.w.org\/{rel}","templated":true}]}}