{"id":308345,"date":"2024-09-12T11:43:39","date_gmt":"2024-09-12T08:43:39","guid":{"rendered":"https:\/\/sana.sy\/tr\/?p=308345"},"modified":"2024-09-13T12:41:46","modified_gmt":"2024-09-13T09:41:46","slug":"aksa-tufani-operasyonu-bugunun-en-one-cikan-gelismeleri-249","status":"publish","type":"post","link":"https:\/\/archive.sana.sy\/tr\/?p=308345","title":{"rendered":"Aksa Tufan\u0131 Operasyonu\u2026 Bug\u00fcn\u00fcn En \u00d6ne \u00c7\u0131kan Geli\u015fmeleri"},"content":{"rendered":"<p style=\"text-align: justify;\"><strong>\u0130\u015eGAL ED\u0130LEN KUD\u00dcS (SANA) \u2013<\/strong>\u00a0Filistin direni\u015finin i\u015fgalci \u0130srail\u2019in sald\u0131rganl\u0131\u011f\u0131na yan\u0131t olarak ge\u00e7en 7 Ekim\u2019de ba\u015flatt\u0131\u011f\u0131 Aksa Tufan\u0131 Operasyonu\u2019nda \u00f6ne \u00e7\u0131kan geli\u015fmeler:<\/p>\n<ul>\n<li style=\"text-align: justify;\">Filistin medyas\u0131: \u0130srail i\u015fgalinin Gazze \u015eeridi&#8217;nin g\u00fcneyindeki Refah \u015fehrinin do\u011fusunda bir evi bombalamas\u0131 sonucu bir \u015fehit ve \u00e7ok say\u0131da yaral\u0131.<\/li>\n<li style=\"text-align: justify;\"><a href=\"https:\/\/www.sana.sy\/tr\/?p=308356\">\u0130srail&#8217;in Gazze sald\u0131r\u0131s\u0131nda \u015fehit say\u0131s\u0131 41 bin 118&#8217;e \u00e7\u0131kt\u0131.<\/a><\/li>\n<li style=\"text-align: justify;\">Filistin Sa\u011fl\u0131k Bakanl\u0131\u011f\u0131: \u0130srail i\u015fgalinin bug\u00fcn sabah saatlerinden itibaren Gazze \u015eeridi&#8217;nin \u00e7e\u015fitli b\u00f6lgelerini bombalamas\u0131 sonucu 13 \u015fehit.<\/li>\n<li style=\"text-align: justify;\">Filistin medyas\u0131: \u0130\u015fgalci \u0130srail&#8217;in Gazze \u015fehrinin g\u00fcneydo\u011fusundaki El Zaytun mahallesindeki bir evi bombalamas\u0131 sonucu iki \u015fehit.<\/li>\n<li style=\"text-align: justify;\">El Zeytun mahallesi ve Cebeliye kamp\u0131na d\u00fczenlenen i\u015fgal sald\u0131r\u0131s\u0131nda 5 \u015fehit.<\/li>\n<li style=\"text-align: justify;\"><a href=\"https:\/\/www.sana.sy\/tr\/?p=308338\">El Zeytun mahallesi ve Cebeliye kamp\u0131na y\u00f6nelik i\u015fgal sald\u0131r\u0131s\u0131nda 5 \u015fehit<\/a><\/li>\n<\/ul>\n<p style=\"text-align: center;\"><strong><a href=\"https:\/\/t.me\/SuriyeArapHaberAjansI\">Telegram Kanal\u0131m\u0131z\u00a0<\/a>||<a href=\"https:\/\/twitter.com\/arap_ajans\">X Platformumuz\u00a0<\/a>||<a href=\"https:\/\/www.facebook.com\/SANAHaberAjansi\/\">Facebook Sayfam\u0131z<\/a><\/strong><\/p>\n","protected":false},"excerpt":{"rendered":"<p>\u0130\u015eGAL ED\u0130LEN KUD\u00dcS (SANA) \u2013\u00a0Filistin direni\u015finin i\u015fgalci \u0130srail\u2019in sald\u0131rganl\u0131\u011f\u0131na yan\u0131t olarak ge\u00e7en 7 Ekim\u2019de ba\u015flatt\u0131\u011f\u0131 Aksa Tufan\u0131 Operasyonu\u2019nda \u00f6ne \u00e7\u0131kan geli\u015fmeler: Filistin medyas\u0131: \u0130srail i\u015fgalinin Gazze \u015eeridi&#8217;nin g\u00fcneyindeki Refah \u015fehrinin do\u011fusunda bir evi bombalamas\u0131 sonucu bir \u015fehit ve \u00e7ok say\u0131da yaral\u0131. \u0130srail&#8217;in Gazze sald\u0131r\u0131s\u0131nda \u015fehit say\u0131s\u0131 41 bin 118&#8217;e \u00e7\u0131kt\u0131. Filistin Sa\u011fl\u0131k Bakanl\u0131\u011f\u0131: \u0130srail i\u015fgalinin &hellip;<\/p>\n","protected":false},"author":36,"featured_media":308346,"comment_status":"closed","ping_status":"closed","sticky":false,"template":"","format":"standard","meta":{"footnotes":""},"categories":[458,459,17988],"tags":[],"class_list":["post-308345","post","type-post","status-publish","format-standard","has-post-thumbnail","","category-dunya1","category-haberler-arap-uluslararasi-politika","category-son-haberler"],"_links":{"self":[{"href":"https:\/\/archive.sana.sy\/tr\/index.php?rest_route=\/wp\/v2\/posts\/308345","targetHints":{"allow":["GET"]}}],"collection":[{"href":"https:\/\/archive.sana.sy\/tr\/index.php?rest_route=\/wp\/v2\/posts"}],"about":[{"href":"https:\/\/archive.sana.sy\/tr\/index.php?rest_route=\/wp\/v2\/types\/post"}],"author":[{"embeddable":true,"href":"https:\/\/archive.sana.sy\/tr\/index.php?rest_route=\/wp\/v2\/users\/36"}],"replies":[{"embeddable":true,"href":"https:\/\/archive.sana.sy\/tr\/index.php?rest_route=%2Fwp%2Fv2%2Fcomments&post=308345"}],"version-history":[{"count":3,"href":"https:\/\/archive.sana.sy\/tr\/index.php?rest_route=\/wp\/v2\/posts\/308345\/revisions"}],"predecessor-version":[{"id":308376,"href":"https:\/\/archive.sana.sy\/tr\/index.php?rest_route=\/wp\/v2\/posts\/308345\/revisions\/308376"}],"wp:featuredmedia":[{"embeddable":true,"href":"https:\/\/archive.sana.sy\/tr\/index.php?rest_route=\/wp\/v2\/media\/308346"}],"wp:attachment":[{"href":"https:\/\/archive.sana.sy\/tr\/index.php?rest_route=%2Fwp%2Fv2%2Fmedia&parent=308345"}],"wp:term":[{"taxonomy":"category","embeddable":true,"href":"https:\/\/archive.sana.sy\/tr\/index.php?rest_route=%2Fwp%2Fv2%2Fcategories&post=308345"},{"taxonomy":"post_tag","embeddable":true,"href":"https:\/\/archive.sana.sy\/tr\/index.php?rest_route=%2Fwp%2Fv2%2Ftags&post=308345"}],"curies":[{"name":"wp","href":"https:\/\/api.w.org\/{rel}","templated":true}]}}