{"id":308377,"date":"2024-09-12T17:23:13","date_gmt":"2024-09-12T14:23:13","guid":{"rendered":"https:\/\/sana.sy\/tr\/?p=308377"},"modified":"2024-09-13T12:43:04","modified_gmt":"2024-09-13T09:43:04","slug":"mikdaddan-manziye-bm-kuruluslariyla-calismayi-ve-onlarin-calismalarini-kolaylastirmayi-memnuniyetle-karsiliyoruz","status":"publish","type":"post","link":"https:\/\/archive.sana.sy\/tr\/?p=308377","title":{"rendered":"Mikdad&#8217;dan Manzi&#8217;ye: BM Kurulu\u015flar\u0131yla \u00c7al\u0131\u015fmay\u0131 Ve Onlar\u0131n \u00c7al\u0131\u015fmalar\u0131n\u0131 Kolayla\u015ft\u0131rmay\u0131 Memnuniyetle Kar\u015f\u0131l\u0131yoruz"},"content":{"rendered":"<p style=\"text-align: justify;\"><strong>\u015eAM (SANA)<\/strong> &#8211;\u00a0 Ge\u00e7ici h\u00fck\u00fcmetteki D\u0131\u015fi\u015fleri ve Gurbet\u00e7iler Bakan\u0131 Faysal Mikdad, Suriye&#8217;nin BM kurulu\u015flar\u0131yla \u00e7al\u0131\u015fmay\u0131 ve misyonuna hizmet edecek \u015fekilde onlar\u0131n \u00e7al\u0131\u015fmalar\u0131n\u0131 kolayla\u015ft\u0131rmay\u0131 memnuniyetle kar\u015f\u0131lad\u0131\u011f\u0131n\u0131 vurgulayarak, kendi topraklar\u0131ndaki vatanda\u015flar\u0131na her t\u00fcrl\u00fc yard\u0131m\u0131 ula\u015ft\u0131rma konusundaki kararl\u0131l\u0131\u011f\u0131n\u0131 yineledi.<\/p>\n<p style=\"text-align: justify;\"><img loading=\"lazy\" decoding=\"async\" class=\"size-full wp-image-308379 alignright\" src=\"http:\/\/sana.sy\/tr\/wp-content\/uploads\/2024\/09\/photo_2024-09-12_14-51-17-300x127-1.jpg\" alt=\"\" width=\"300\" height=\"127\" \/>Bakan Mikdad, bug\u00fcn Birle\u015fmi\u015f Milletler Kalk\u0131nma Koordinasyon Ofisi Arap \u00dclkeleri B\u00f6lge Direkt\u00f6r\u00fc Barbara Manzi ile yapt\u0131\u011f\u0131 g\u00f6r\u00fc\u015fmede, Suriye&#8217;nin kendisine dayat\u0131lan ter\u00f6r sava\u015f\u0131 \u00f6ncesinde bir ekonomik kalk\u0131nma modeli oldu\u011funa dikkat \u00e7ekti.<\/p>\n<p style=\"text-align: justify;\">Mikdad ayr\u0131ca, Suriye&#8217;nin BM kurulu\u015flar\u0131yla \u00e7al\u0131\u015fmay\u0131 memnuniyetle kar\u015f\u0131lad\u0131\u011f\u0131n\u0131 ve \u00f6zellikle erken toparlanman\u0131n mevcut a\u015famas\u0131nda misyonuna hizmet edecek \u015fekilde onlar\u0131n \u00e7al\u0131\u015fmalar\u0131n\u0131 kolayla\u015ft\u0131rd\u0131\u011f\u0131n\u0131 a\u00e7\u0131klad\u0131.<\/p>\n<p style=\"text-align: justify;\">Suriye&#8217;nin topraklar\u0131ndaki t\u00fcm vatanda\u015flar\u0131na her t\u00fcrl\u00fc yard\u0131m\u0131 ula\u015ft\u0131rmaya ve ter\u00f6r g\u00fc\u00e7leri taraf\u0131ndan yerinden edilen herkesin onurlu bir \u015fekilde geri d\u00f6nmesine istekli oldu\u011funu vurgulayan Mikdad, \u00a0Amerikan i\u015fgal g\u00fc\u00e7leri ve onlar\u0131n ajanlar\u0131, Suriye&#8217;nin petrol ve bu\u011fday kaynaklar\u0131nda \u00f6ng\u00f6r\u00fclen h\u0131rs\u0131zl\u0131klar\u0131 ger\u00e7ekle\u015ftirirken, kas\u0131tl\u0131 olarak krizi uzatan ve toparlanmay\u0131 engelleyenlerin oldu\u011funa dikkat \u00e7ekti.<\/p>\n<p style=\"text-align: justify;\">Bakan Mikdad g\u00f6r\u00fc\u015fmede, i\u015fgal alt\u0131ndaki Filistin topraklar\u0131nda \u201c\u0130srail\u201d taraf\u0131ndan y\u00fcr\u00fct\u00fclen insan soyk\u0131r\u0131m\u0131 sava\u015f\u0131n\u0131n durdurulmas\u0131 gerekti\u011fini vurgulad\u0131.<\/p>\n<p style=\"text-align: justify;\">Manzi ise Birle\u015fmi\u015f Milletler&#8217;in Suriye ve b\u00f6lgede artan ihtiya\u00e7lar\u0131 kar\u015f\u0131lamak i\u00e7in ek \u00e7aba g\u00f6sterme konusundaki isteklili\u011fini ve \u00e7abalar\u0131n bir sonraki a\u015famada en iyiyi sa\u011flamaya odaklanmas\u0131 gerekti\u011fini vurgulad\u0131.<\/p>\n<p style=\"text-align: justify;\">Manzi ayr\u0131ca, Gazze \u015eeridi ve Bat\u0131 \u015eeria&#8217;da ya\u015fanan uygulamalar\u0131n b\u00f6lgedeki durumu ve Birle\u015fmi\u015f Milletler&#8217;in buradaki \u00e7al\u0131\u015fmalar\u0131n\u0131 karma\u015f\u0131k hale getirdi\u011fine dikkat \u00e7ekti.<\/p>\n<p style=\"text-align: justify;\">G\u00f6r\u00fc\u015fmeye Bakan Yard\u0131mc\u0131s\u0131 B\u00fcy\u00fckel\u00e7i Eymen Raad kat\u0131ld\u0131.<\/p>\n<p style=\"text-align: center;\"><strong><a href=\"https:\/\/t.me\/SuriyeArapHaberAjansI\">Telegram Kanal\u0131m\u0131z\u00a0<\/a>||<a href=\"https:\/\/twitter.com\/arap_ajans\">X Platformumuz\u00a0<\/a>||<a href=\"https:\/\/www.facebook.com\/SANAHaberAjansi\/\">Facebook Sayfam\u0131z<\/a><\/strong><\/p>\n","protected":false},"excerpt":{"rendered":"<p>\u015eAM (SANA) &#8211;\u00a0 Ge\u00e7ici h\u00fck\u00fcmetteki D\u0131\u015fi\u015fleri ve Gurbet\u00e7iler Bakan\u0131 Faysal Mikdad, Suriye&#8217;nin BM kurulu\u015flar\u0131yla \u00e7al\u0131\u015fmay\u0131 ve misyonuna hizmet edecek \u015fekilde onlar\u0131n \u00e7al\u0131\u015fmalar\u0131n\u0131 kolayla\u015ft\u0131rmay\u0131 memnuniyetle kar\u015f\u0131lad\u0131\u011f\u0131n\u0131 vurgulayarak, kendi topraklar\u0131ndaki vatanda\u015flar\u0131na her t\u00fcrl\u00fc yard\u0131m\u0131 ula\u015ft\u0131rma konusundaki kararl\u0131l\u0131\u011f\u0131n\u0131 yineledi. Bakan Mikdad, bug\u00fcn Birle\u015fmi\u015f Milletler Kalk\u0131nma Koordinasyon Ofisi Arap \u00dclkeleri B\u00f6lge Direkt\u00f6r\u00fc Barbara Manzi ile yapt\u0131\u011f\u0131 g\u00f6r\u00fc\u015fmede, Suriye&#8217;nin kendisine &hellip;<\/p>\n","protected":false},"author":41,"featured_media":308378,"comment_status":"closed","ping_status":"closed","sticky":false,"template":"","format":"standard","meta":{"footnotes":""},"categories":[479,17988,478],"tags":[42341],"class_list":["post-308377","post","type-post","status-publish","format-standard","has-post-thumbnail","","category-haberler-yerel","category-son-haberler","category-yerel","tag-mikdaddan-manziye-bm-kuruluslariyla-calismayi-ve-onlarin-calismalarini-kolaylastirmayi-memnuniyetle-karsiliyoruz"],"_links":{"self":[{"href":"https:\/\/archive.sana.sy\/tr\/index.php?rest_route=\/wp\/v2\/posts\/308377","targetHints":{"allow":["GET"]}}],"collection":[{"href":"https:\/\/archive.sana.sy\/tr\/index.php?rest_route=\/wp\/v2\/posts"}],"about":[{"href":"https:\/\/archive.sana.sy\/tr\/index.php?rest_route=\/wp\/v2\/types\/post"}],"author":[{"embeddable":true,"href":"https:\/\/archive.sana.sy\/tr\/index.php?rest_route=\/wp\/v2\/users\/41"}],"replies":[{"embeddable":true,"href":"https:\/\/archive.sana.sy\/tr\/index.php?rest_route=%2Fwp%2Fv2%2Fcomments&post=308377"}],"version-history":[{"count":2,"href":"https:\/\/archive.sana.sy\/tr\/index.php?rest_route=\/wp\/v2\/posts\/308377\/revisions"}],"predecessor-version":[{"id":308389,"href":"https:\/\/archive.sana.sy\/tr\/index.php?rest_route=\/wp\/v2\/posts\/308377\/revisions\/308389"}],"wp:featuredmedia":[{"embeddable":true,"href":"https:\/\/archive.sana.sy\/tr\/index.php?rest_route=\/wp\/v2\/media\/308378"}],"wp:attachment":[{"href":"https:\/\/archive.sana.sy\/tr\/index.php?rest_route=%2Fwp%2Fv2%2Fmedia&parent=308377"}],"wp:term":[{"taxonomy":"category","embeddable":true,"href":"https:\/\/archive.sana.sy\/tr\/index.php?rest_route=%2Fwp%2Fv2%2Fcategories&post=308377"},{"taxonomy":"post_tag","embeddable":true,"href":"https:\/\/archive.sana.sy\/tr\/index.php?rest_route=%2Fwp%2Fv2%2Ftags&post=308377"}],"curies":[{"name":"wp","href":"https:\/\/api.w.org\/{rel}","templated":true}]}}