{"id":308382,"date":"2024-09-12T17:41:35","date_gmt":"2024-09-12T14:41:35","guid":{"rendered":"https:\/\/sana.sy\/tr\/?p=308382"},"modified":"2024-09-24T14:48:25","modified_gmt":"2024-09-24T11:48:25","slug":"kuba-suriyeli-aydinlari-terorizmi-destekleyen-devletler-listesine-yeniden-dahil-edilmesine-karsi-cikan-mektubu-desteklemeye-cagirdi","status":"publish","type":"post","link":"https:\/\/archive.sana.sy\/tr\/?p=308382","title":{"rendered":"K\u00fcba, Suriyeli Ayd\u0131nlar\u0131, Ter\u00f6rizmi Destekleyen Devletler Listesine Yeniden Dahil Edilmesine Kar\u015f\u0131 \u00c7\u0131kan Mektubu Desteklemeye \u00c7a\u011f\u0131rd\u0131"},"content":{"rendered":"<p style=\"text-align: justify;\"><strong>\u015eAM (SANA)<\/strong> &#8211; \u00a0K\u00fcba Cumhuriyeti&#8217;nin \u015eam B\u00fcy\u00fckel\u00e7ili\u011fi, Arap Yazarlar Birli\u011fi&#8217;ne ve t\u00fcm sanat\u00e7\u0131lara, d\u00fc\u015f\u00fcn\u00fcrlere, akademisyenlere ve sosyal aktivistlere, yazar ve gazeteci Ignacio Ramonet&#8217;in ABD Ba\u015fkan\u0131 Joe Biden&#8217;a hitaben <img loading=\"lazy\" decoding=\"async\" class=\"size-medium wp-image-308383 alignright\" src=\"http:\/\/sana.sy\/tr\/wp-content\/uploads\/2024\/09\/photo_2024-09-12_11-53-24-300x179.jpg\" alt=\"\" width=\"300\" height=\"179\" srcset=\"https:\/\/archive.sana.sy\/tr\/wp-content\/uploads\/2024\/09\/photo_2024-09-12_11-53-24-300x179.jpg 300w, https:\/\/archive.sana.sy\/tr\/wp-content\/uploads\/2024\/09\/photo_2024-09-12_11-53-24.jpg 660w\" sizes=\"auto, (max-width: 300px) 100vw, 300px\" \/>yazd\u0131\u011f\u0131, ABD y\u00f6netiminin K\u00fcba&#8217;ya y\u00f6nelik su\u00e7lamalar\u0131n\u0131 ve K\u00fcba&#8217;n\u0131n ter\u00f6rizmi destekleyen devletler listesine yeniden dahil edilmesini reddetti\u011fi a\u00e7\u0131k mektubu desteklemeye \u00e7a\u011fr\u0131da bulundu.<\/p>\n<p style=\"text-align: justify;\">Ramonet mektubunda, d\u00fcnyadaki herkesin K\u00fcba&#8217;n\u0131n ger\u00e7ek bir bar\u0131\u015f, sa\u011fl\u0131k ve e\u011fitim aray\u0131c\u0131s\u0131 oldu\u011funu bildi\u011fini, bunun ter\u00f6rizme tamamen kar\u015f\u0131 oldu\u011funu, ter\u00f6rizmi k\u0131nad\u0131\u011f\u0131n\u0131 ve onunla m\u00fccadele etti\u011fini ve etmeye devam etti\u011fini do\u011frulmaktad\u0131r.<\/p>\n<p style=\"text-align: justify;\">Ramonet mektubunda ayr\u0131ca, ABD merkezli \u00f6rg\u00fctler taraf\u0131ndan finanse edilen, silahland\u0131r\u0131lan ve e\u011fitilen ter\u00f6r gruplar\u0131n\u0131n sald\u0131r\u0131lar\u0131nda 3 bin 500&#8217;den fazla K\u00fcbal\u0131n\u0131n \u00f6ld\u00fcr\u00fcld\u00fc\u011f\u00fc, K\u00fcba&#8217;n\u0131n ter\u00f6r \u00f6rg\u00fctlerinin sald\u0131r\u0131lar\u0131na en \u00e7ok maruz kalan \u00fclkelerden biri oldu\u011funa dikkat \u00e7ekmektedir.<\/p>\n<p style=\"text-align: justify;\">\u015eu ana kadar d\u00fcnya \u00e7ap\u0131nda \u00e7ok say\u0131da insan, toplumsal hareket, sendika, insani yard\u0131m kurulu\u015fu ve sivil toplum kurulu\u015fu taraf\u0131ndan imzalanan mektupta, \u015fu \u00e7a\u011fr\u0131da bulunuluyor: Bu, eski ABD Ba\u015fkan\u0131 Donald Trump&#8217;\u0131n, 12 Ocak 2021&#8217;de, Beyaz Saray&#8217;dan ayr\u0131lmas\u0131ndan bir hafta \u00f6nce, K\u00fcba&#8217;y\u0131 ter\u00f6rizme sponsor olan devletlerin utan\u00e7 verici listesine yeniden listeleyerek, hi\u00e7bir yasal gerek\u00e7e olmaks\u0131z\u0131n yapt\u0131\u011f\u0131 derin adaletsizli\u011fi d\u00fczeltmek i\u00e7indir.<\/p>\n<p style=\"text-align: center;\"><strong><a href=\"https:\/\/t.me\/SuriyeArapHaberAjansI\">Telegram Kanal\u0131m\u0131z\u00a0<\/a>||<a href=\"https:\/\/twitter.com\/arap_ajans\">X Platformumuz\u00a0<\/a>||<a href=\"https:\/\/www.facebook.com\/SANAHaberAjansi\/\">Facebook Sayfam\u0131z<\/a><\/strong><\/p>\n","protected":false},"excerpt":{"rendered":"<p>\u015eAM (SANA) &#8211; \u00a0K\u00fcba Cumhuriyeti&#8217;nin \u015eam B\u00fcy\u00fckel\u00e7ili\u011fi, Arap Yazarlar Birli\u011fi&#8217;ne ve t\u00fcm sanat\u00e7\u0131lara, d\u00fc\u015f\u00fcn\u00fcrlere, akademisyenlere ve sosyal aktivistlere, yazar ve gazeteci Ignacio Ramonet&#8217;in ABD Ba\u015fkan\u0131 Joe Biden&#8217;a hitaben yazd\u0131\u011f\u0131, ABD y\u00f6netiminin K\u00fcba&#8217;ya y\u00f6nelik su\u00e7lamalar\u0131n\u0131 ve K\u00fcba&#8217;n\u0131n ter\u00f6rizmi destekleyen devletler listesine yeniden dahil edilmesini reddetti\u011fi a\u00e7\u0131k mektubu desteklemeye \u00e7a\u011fr\u0131da bulundu. Ramonet mektubunda, d\u00fcnyadaki herkesin K\u00fcba&#8217;n\u0131n ger\u00e7ek &hellip;<\/p>\n","protected":false},"author":41,"featured_media":308384,"comment_status":"closed","ping_status":"closed","sticky":false,"template":"","format":"standard","meta":{"footnotes":""},"categories":[479,17988,478],"tags":[7129,42342,42343],"class_list":["post-308382","post","type-post","status-publish","format-standard","has-post-thumbnail","","category-haberler-yerel","category-son-haberler","category-yerel","tag-kuba","tag-suriyeli-aydinlari","tag-terorizmi-destekleyen-devletler-listesine-yeniden-dahil-edilmesine-karsi-cikan-mektubu-desteklemeye-cagirdi"],"_links":{"self":[{"href":"https:\/\/archive.sana.sy\/tr\/index.php?rest_route=\/wp\/v2\/posts\/308382","targetHints":{"allow":["GET"]}}],"collection":[{"href":"https:\/\/archive.sana.sy\/tr\/index.php?rest_route=\/wp\/v2\/posts"}],"about":[{"href":"https:\/\/archive.sana.sy\/tr\/index.php?rest_route=\/wp\/v2\/types\/post"}],"author":[{"embeddable":true,"href":"https:\/\/archive.sana.sy\/tr\/index.php?rest_route=\/wp\/v2\/users\/41"}],"replies":[{"embeddable":true,"href":"https:\/\/archive.sana.sy\/tr\/index.php?rest_route=%2Fwp%2Fv2%2Fcomments&post=308382"}],"version-history":[{"count":1,"href":"https:\/\/archive.sana.sy\/tr\/index.php?rest_route=\/wp\/v2\/posts\/308382\/revisions"}],"predecessor-version":[{"id":308385,"href":"https:\/\/archive.sana.sy\/tr\/index.php?rest_route=\/wp\/v2\/posts\/308382\/revisions\/308385"}],"wp:featuredmedia":[{"embeddable":true,"href":"https:\/\/archive.sana.sy\/tr\/index.php?rest_route=\/wp\/v2\/media\/308384"}],"wp:attachment":[{"href":"https:\/\/archive.sana.sy\/tr\/index.php?rest_route=%2Fwp%2Fv2%2Fmedia&parent=308382"}],"wp:term":[{"taxonomy":"category","embeddable":true,"href":"https:\/\/archive.sana.sy\/tr\/index.php?rest_route=%2Fwp%2Fv2%2Fcategories&post=308382"},{"taxonomy":"post_tag","embeddable":true,"href":"https:\/\/archive.sana.sy\/tr\/index.php?rest_route=%2Fwp%2Fv2%2Ftags&post=308382"}],"curies":[{"name":"wp","href":"https:\/\/api.w.org\/{rel}","templated":true}]}}