{"id":308390,"date":"2024-09-12T06:38:24","date_gmt":"2024-09-12T03:38:24","guid":{"rendered":"https:\/\/sana.sy\/tr\/?p=308390"},"modified":"2024-09-12T18:39:32","modified_gmt":"2024-09-12T15:39:32","slug":"vietnamdaki-yagi-tayfununda-olenlerin-sayisi-226ya-yukseldi","status":"publish","type":"post","link":"https:\/\/archive.sana.sy\/tr\/?p=308390","title":{"rendered":"Vietnam&#8217;daki Yagi Tayfunu&#8217;nda \u00d6lenlerin Say\u0131s\u0131 226&#8217;ya Y\u00fckseldi"},"content":{"rendered":"<p style=\"text-align: justify;\"><strong>HANO\u0130 (SANA) &#8211;<\/strong> \u00a0Yagi Tayfunu ve Vietnam&#8217;daki yans\u0131malar\u0131ndan \u00f6lenlerin say\u0131s\u0131 226 ki\u015fiye y\u00fckselirken, 104 ki\u015fi ise hala kay\u0131pt\u0131r.<\/p>\n<p style=\"text-align: justify;\">Xinhua haber ajans\u0131, Vietnam Tar\u0131m ve K\u0131rsal Kalk\u0131nma Bakanl\u0131\u011f\u0131&#8217;n\u0131n \u015fu a\u00e7\u0131klamas\u0131n\u0131 aktard\u0131: &#8220;Yagi Tayfunu ve bunun sonucunda ortaya \u00e7\u0131kan toprak kaymalar\u0131 ve seller 226 ki\u015finin \u00f6l\u00fcm\u00fcne, 104 ki\u015finin de kayb\u0131na yol a\u00e7t\u0131.&#8221;<\/p>\n<p style=\"text-align: justify;\">Ulusal Hidrometrolojik Tahmin Merkezi, kuzey b\u00f6lgelerde heyelan olas\u0131l\u0131\u011f\u0131na ili\u015fkin uyar\u0131lar\u0131n hala mevcut oldu\u011funu s\u00f6yledi. Bu arada kas\u0131rgan\u0131n etkilerini a\u015fmak i\u00e7in b\u00f6lge genelinde arama-kurtarma \u00e7al\u0131\u015fmalar\u0131 s\u00fcr\u00fcyor.<\/p>\n<p style=\"text-align: justify;\">Daha \u00f6nceki bir rakam, 197 ki\u015finin \u00f6ld\u00fc\u011f\u00fcn\u00fc ve 800&#8217;den fazla ki\u015finin yaraland\u0131\u011f\u0131n\u0131 g\u00f6steriyordu.<\/p>\n<p style=\"text-align: center;\"><strong><a href=\"https:\/\/t.me\/SuriyeArapHaberAjansI\">Telegram Kanal\u0131m\u0131z\u00a0<\/a>||<a href=\"https:\/\/twitter.com\/arap_ajans\">X Platformumuz\u00a0<\/a>||<a href=\"https:\/\/www.facebook.com\/SANAHaberAjansi\/\">Facebook Sayfam\u0131z<\/a><\/strong><\/p>\n","protected":false},"excerpt":{"rendered":"<p>HANO\u0130 (SANA) &#8211; \u00a0Yagi Tayfunu ve Vietnam&#8217;daki yans\u0131malar\u0131ndan \u00f6lenlerin say\u0131s\u0131 226 ki\u015fiye y\u00fckselirken, 104 ki\u015fi ise hala kay\u0131pt\u0131r. Xinhua haber ajans\u0131, Vietnam Tar\u0131m ve K\u0131rsal Kalk\u0131nma Bakanl\u0131\u011f\u0131&#8217;n\u0131n \u015fu a\u00e7\u0131klamas\u0131n\u0131 aktard\u0131: &#8220;Yagi Tayfunu ve bunun sonucunda ortaya \u00e7\u0131kan toprak kaymalar\u0131 ve seller 226 ki\u015finin \u00f6l\u00fcm\u00fcne, 104 ki\u015finin de kayb\u0131na yol a\u00e7t\u0131.&#8221; Ulusal Hidrometrolojik Tahmin Merkezi, kuzey &hellip;<\/p>\n","protected":false},"author":41,"featured_media":308391,"comment_status":"closed","ping_status":"closed","sticky":false,"template":"","format":"standard","meta":{"footnotes":""},"categories":[458,589,459,17988],"tags":[42346],"class_list":["post-308390","post","type-post","status-publish","format-standard","has-post-thumbnail","","category-dunya1","category-haber-seridi","category-haberler-arap-uluslararasi-politika","category-son-haberler","tag-vietnamdaki-yagi-tayfununda-olenlerin-sayisi-226ya-yukseldi"],"_links":{"self":[{"href":"https:\/\/archive.sana.sy\/tr\/index.php?rest_route=\/wp\/v2\/posts\/308390","targetHints":{"allow":["GET"]}}],"collection":[{"href":"https:\/\/archive.sana.sy\/tr\/index.php?rest_route=\/wp\/v2\/posts"}],"about":[{"href":"https:\/\/archive.sana.sy\/tr\/index.php?rest_route=\/wp\/v2\/types\/post"}],"author":[{"embeddable":true,"href":"https:\/\/archive.sana.sy\/tr\/index.php?rest_route=\/wp\/v2\/users\/41"}],"replies":[{"embeddable":true,"href":"https:\/\/archive.sana.sy\/tr\/index.php?rest_route=%2Fwp%2Fv2%2Fcomments&post=308390"}],"version-history":[{"count":1,"href":"https:\/\/archive.sana.sy\/tr\/index.php?rest_route=\/wp\/v2\/posts\/308390\/revisions"}],"predecessor-version":[{"id":308392,"href":"https:\/\/archive.sana.sy\/tr\/index.php?rest_route=\/wp\/v2\/posts\/308390\/revisions\/308392"}],"wp:featuredmedia":[{"embeddable":true,"href":"https:\/\/archive.sana.sy\/tr\/index.php?rest_route=\/wp\/v2\/media\/308391"}],"wp:attachment":[{"href":"https:\/\/archive.sana.sy\/tr\/index.php?rest_route=%2Fwp%2Fv2%2Fmedia&parent=308390"}],"wp:term":[{"taxonomy":"category","embeddable":true,"href":"https:\/\/archive.sana.sy\/tr\/index.php?rest_route=%2Fwp%2Fv2%2Fcategories&post=308390"},{"taxonomy":"post_tag","embeddable":true,"href":"https:\/\/archive.sana.sy\/tr\/index.php?rest_route=%2Fwp%2Fv2%2Ftags&post=308390"}],"curies":[{"name":"wp","href":"https:\/\/api.w.org\/{rel}","templated":true}]}}