{"id":308396,"date":"2024-09-13T12:41:56","date_gmt":"2024-09-13T09:41:56","guid":{"rendered":"https:\/\/sana.sy\/tr\/?p=308396"},"modified":"2024-09-24T14:48:36","modified_gmt":"2024-09-24T11:48:36","slug":"cumhurbaskani-esad-bakanligi-olusturacak-bir-basbakanin-atanmasi-konusunda-baas-partisinin-merkezi-liderleriyle-istisarelerde-bulundu","status":"publish","type":"post","link":"https:\/\/archive.sana.sy\/tr\/?p=308396","title":{"rendered":"Cumhurba\u015fkan\u0131 Esad, Bakanl\u0131\u011f\u0131 Olu\u015fturacak Bir Ba\u015fbakan\u0131n Atanmas\u0131 Konusunda Baas Partisi&#8217;nin Merkezi Liderleriyle \u0130sti\u015farelerde Bulundu"},"content":{"rendered":"<p style=\"text-align: justify;\"><strong>\u015eAM (SANA) \u2013 <\/strong>Arap Sosyalist Baas Partisi Genel Sekreteri Cumhurba\u015fkan\u0131 Be\u015f\u015far Esad, yeni bakanl\u0131\u011f\u0131 kuracak bir ba\u015fbakan\u0131n atanmas\u0131 konusunda partinin merkezi liderleriyle isti\u015farelerde bulundu.<\/p>\n<p style=\"text-align: center;\"><strong><a href=\"https:\/\/t.me\/SuriyeArapHaberAjansI\">Telegram Kanal\u0131m\u0131z\u00a0<\/a><span style=\"color: #ff0000;\">||<\/span><a href=\"https:\/\/twitter.com\/arap_ajans\">X Platformumuz\u00a0<\/a><span style=\"color: #ff0000;\">||<\/span><a href=\"https:\/\/www.facebook.com\/SANAHaberAjansi\/\">Facebook Sayfam\u0131z<\/a><\/strong><\/p>\n","protected":false},"excerpt":{"rendered":"<p>\u015eAM (SANA) \u2013 Arap Sosyalist Baas Partisi Genel Sekreteri Cumhurba\u015fkan\u0131 Be\u015f\u015far Esad, yeni bakanl\u0131\u011f\u0131 kuracak bir ba\u015fbakan\u0131n atanmas\u0131 konusunda partinin merkezi liderleriyle isti\u015farelerde bulundu. Telegram Kanal\u0131m\u0131z\u00a0||X Platformumuz\u00a0||Facebook Sayfam\u0131z<\/p>\n","protected":false},"author":36,"featured_media":308397,"comment_status":"closed","ping_status":"closed","sticky":false,"template":"","format":"standard","meta":{"footnotes":""},"categories":[606,605,17988],"tags":[42354,38219,42355],"class_list":["post-308396","post","type-post","status-publish","format-standard","has-post-thumbnail","","category-cumhurbaskani","category-sayin-cumhurbaskani","category-son-haberler","tag-bakanligi-olusturacak-bir-basbakanin-atanmasi-konusunda-baas-partisinin-merkezi-liderleriyle-istisarelerde-bulundu","tag-cumhurbaskani-esad","tag-suriyede-yeni-hukumet"],"_links":{"self":[{"href":"https:\/\/archive.sana.sy\/tr\/index.php?rest_route=\/wp\/v2\/posts\/308396","targetHints":{"allow":["GET"]}}],"collection":[{"href":"https:\/\/archive.sana.sy\/tr\/index.php?rest_route=\/wp\/v2\/posts"}],"about":[{"href":"https:\/\/archive.sana.sy\/tr\/index.php?rest_route=\/wp\/v2\/types\/post"}],"author":[{"embeddable":true,"href":"https:\/\/archive.sana.sy\/tr\/index.php?rest_route=\/wp\/v2\/users\/36"}],"replies":[{"embeddable":true,"href":"https:\/\/archive.sana.sy\/tr\/index.php?rest_route=%2Fwp%2Fv2%2Fcomments&post=308396"}],"version-history":[{"count":5,"href":"https:\/\/archive.sana.sy\/tr\/index.php?rest_route=\/wp\/v2\/posts\/308396\/revisions"}],"predecessor-version":[{"id":308421,"href":"https:\/\/archive.sana.sy\/tr\/index.php?rest_route=\/wp\/v2\/posts\/308396\/revisions\/308421"}],"wp:featuredmedia":[{"embeddable":true,"href":"https:\/\/archive.sana.sy\/tr\/index.php?rest_route=\/wp\/v2\/media\/308397"}],"wp:attachment":[{"href":"https:\/\/archive.sana.sy\/tr\/index.php?rest_route=%2Fwp%2Fv2%2Fmedia&parent=308396"}],"wp:term":[{"taxonomy":"category","embeddable":true,"href":"https:\/\/archive.sana.sy\/tr\/index.php?rest_route=%2Fwp%2Fv2%2Fcategories&post=308396"},{"taxonomy":"post_tag","embeddable":true,"href":"https:\/\/archive.sana.sy\/tr\/index.php?rest_route=%2Fwp%2Fv2%2Ftags&post=308396"}],"curies":[{"name":"wp","href":"https:\/\/api.w.org\/{rel}","templated":true}]}}