{"id":308403,"date":"2024-09-13T14:59:22","date_gmt":"2024-09-13T11:59:22","guid":{"rendered":"https:\/\/sana.sy\/tr\/?p=308403"},"modified":"2024-09-24T14:48:45","modified_gmt":"2024-09-24T11:48:45","slug":"lubnan-direnisi-israilin-berea-ussunu-katyusa-fuzeleriyle-hedef-aldi","status":"publish","type":"post","link":"https:\/\/archive.sana.sy\/tr\/?p=308403","title":{"rendered":"L\u00fcbnan Direni\u015fi \u0130srail&#8217;in Berea \u00dcss\u00fcn\u00fc Katyu\u015fa F\u00fczeleriyle Hedef Ald\u0131"},"content":{"rendered":"<p style=\"text-align: justify;\"><strong>BEYRUT (SANA) &#8211;<\/strong>\u00a0 Bug\u00fcn \u015fafak vakti L\u00fcbnan direni\u015fi, d\u00fc\u015fman \u0130srail\u2019in i\u015fgal edilen Filistin&#8217;in kuzeyindeki Berea k\u0131\u015flas\u0131 \u00fcss\u00fcn\u00fc Katyu\u015fa roketleriyle hedef ald\u0131.<\/p>\n<p style=\"text-align: justify;\">Direni\u015f yapt\u0131\u011f\u0131 a\u00e7\u0131klamada \u015funlar\u0131 s\u00f6yledi: &#8220;Gazze \u015eeridi&#8217;ndeki kararl\u0131 Filistin halk\u0131m\u0131za, onlar\u0131n cesur ve onurlu direni\u015fine destek olarak ve sald\u0131rganl\u0131k ve suikasta yan\u0131t olarak, direni\u015f g\u00fc\u00e7leri Kuzey Komutanl\u0131\u011f\u0131&#8217;n\u0131n Berea K\u0131\u015flas\u0131&#8217;ndaki ana f\u00fcze hava savunma \u00fcss\u00fcn\u00fc Katyu\u015fa roketleriyle bombalad\u0131.\u201d<\/p>\n<p style=\"text-align: center;\"><strong><a href=\"https:\/\/t.me\/SuriyeArapHaberAjansI\">Telegram Kanal\u0131m\u0131z\u00a0<\/a>||<a href=\"https:\/\/twitter.com\/arap_ajans\">X Platformumuz\u00a0<\/a>||<a href=\"https:\/\/www.facebook.com\/SANAHaberAjansi\/\">Facebook Sayfam\u0131z<\/a><\/strong><\/p>\n","protected":false},"excerpt":{"rendered":"<p>BEYRUT (SANA) &#8211;\u00a0 Bug\u00fcn \u015fafak vakti L\u00fcbnan direni\u015fi, d\u00fc\u015fman \u0130srail\u2019in i\u015fgal edilen Filistin&#8217;in kuzeyindeki Berea k\u0131\u015flas\u0131 \u00fcss\u00fcn\u00fc Katyu\u015fa roketleriyle hedef ald\u0131. Direni\u015f yapt\u0131\u011f\u0131 a\u00e7\u0131klamada \u015funlar\u0131 s\u00f6yledi: &#8220;Gazze \u015eeridi&#8217;ndeki kararl\u0131 Filistin halk\u0131m\u0131za, onlar\u0131n cesur ve onurlu direni\u015fine destek olarak ve sald\u0131rganl\u0131k ve suikasta yan\u0131t olarak, direni\u015f g\u00fc\u00e7leri Kuzey Komutanl\u0131\u011f\u0131&#8217;n\u0131n Berea K\u0131\u015flas\u0131&#8217;ndaki ana f\u00fcze hava savunma \u00fcss\u00fcn\u00fc &hellip;<\/p>\n","protected":false},"author":41,"featured_media":308404,"comment_status":"closed","ping_status":"closed","sticky":false,"template":"","format":"standard","meta":{"footnotes":""},"categories":[458,459,17988],"tags":[42347],"class_list":["post-308403","post","type-post","status-publish","format-standard","has-post-thumbnail","","category-dunya1","category-haberler-arap-uluslararasi-politika","category-son-haberler","tag-lubnan-direnisi-israilin-berea-ussunu-katyusa-fuzeleriyle-hedef-aldi"],"_links":{"self":[{"href":"https:\/\/archive.sana.sy\/tr\/index.php?rest_route=\/wp\/v2\/posts\/308403","targetHints":{"allow":["GET"]}}],"collection":[{"href":"https:\/\/archive.sana.sy\/tr\/index.php?rest_route=\/wp\/v2\/posts"}],"about":[{"href":"https:\/\/archive.sana.sy\/tr\/index.php?rest_route=\/wp\/v2\/types\/post"}],"author":[{"embeddable":true,"href":"https:\/\/archive.sana.sy\/tr\/index.php?rest_route=\/wp\/v2\/users\/41"}],"replies":[{"embeddable":true,"href":"https:\/\/archive.sana.sy\/tr\/index.php?rest_route=%2Fwp%2Fv2%2Fcomments&post=308403"}],"version-history":[{"count":1,"href":"https:\/\/archive.sana.sy\/tr\/index.php?rest_route=\/wp\/v2\/posts\/308403\/revisions"}],"predecessor-version":[{"id":308405,"href":"https:\/\/archive.sana.sy\/tr\/index.php?rest_route=\/wp\/v2\/posts\/308403\/revisions\/308405"}],"wp:featuredmedia":[{"embeddable":true,"href":"https:\/\/archive.sana.sy\/tr\/index.php?rest_route=\/wp\/v2\/media\/308404"}],"wp:attachment":[{"href":"https:\/\/archive.sana.sy\/tr\/index.php?rest_route=%2Fwp%2Fv2%2Fmedia&parent=308403"}],"wp:term":[{"taxonomy":"category","embeddable":true,"href":"https:\/\/archive.sana.sy\/tr\/index.php?rest_route=%2Fwp%2Fv2%2Fcategories&post=308403"},{"taxonomy":"post_tag","embeddable":true,"href":"https:\/\/archive.sana.sy\/tr\/index.php?rest_route=%2Fwp%2Fv2%2Ftags&post=308403"}],"curies":[{"name":"wp","href":"https:\/\/api.w.org\/{rel}","templated":true}]}}