{"id":308411,"date":"2024-09-13T15:17:06","date_gmt":"2024-09-13T12:17:06","guid":{"rendered":"https:\/\/sana.sy\/tr\/?p=308411"},"modified":"2024-09-24T14:48:47","modified_gmt":"2024-09-24T11:48:47","slug":"guterres-israilin-gazze-seridinde-yerinden-edilmis-kisilerin-kaldigi-bir-okula-yonelik-saldirgnaligini-kinadi","status":"publish","type":"post","link":"https:\/\/archive.sana.sy\/tr\/?p=308411","title":{"rendered":"Guterres, \u0130srail&#8217;in Gazze \u015eeridi&#8217;nde Yerinden Edilmi\u015f Ki\u015filerin Kald\u0131\u011f\u0131 Bir Okula Y\u00f6nelik Sald\u0131rgnal\u0131\u011f\u0131n\u0131 K\u0131nad\u0131"},"content":{"rendered":"<p style=\"text-align: justify;\"><strong>NEW YORK (SANA)<\/strong> &#8211; Birle\u015fmi\u015f Milletler Genel Sekreteri Ant\u00f3nio Guterres, \u0130srail i\u015fgal g\u00fc\u00e7lerinin Gazze \u015eeridi&#8217;nin merkezindeki Nuseyrat kamp\u0131nda yerlerinden edilmi\u015f Filistinlilerin ya\u015fad\u0131\u011f\u0131 bir okulu bombalamas\u0131n\u0131 ve alt\u0131s\u0131 UNRWA \u00e7al\u0131\u015fan\u0131n\u0131n da aralar\u0131nda bulundu\u011fu 18 ki\u015finin \u00f6l\u00fcm\u00fcne yol a\u00e7mas\u0131n\u0131 k\u0131nad\u0131.<\/p>\n<p style=\"text-align: justify;\">Guterres&#8217;in s\u00f6zc\u00fcs\u00fc Stephane Dujarric&#8217;in Birle\u015fmi\u015f Milletler Haber Merkezi&#8217;nde yay\u0131nlanan a\u00e7\u0131klamas\u0131nda, &#8220;Gazze&#8217;deki sivillere y\u00f6nelik etkili koruman\u0131n devam etmemesi kabul edilemez&#8221; diyerek, &#8220;Sivillerin ve onlar\u0131n ba\u011f\u0131ml\u0131 oldu\u011fu altyap\u0131n\u0131n korunmas\u0131 ve temel ihtiya\u00e7lar\u0131n\u0131n m\u00fcmk\u00fcn olan en k\u0131sa s\u00fcrede kar\u015f\u0131lanmas\u0131 ihtiyac\u0131n\u0131&#8221; vurgulad\u0131.<\/p>\n<p style=\"text-align: justify;\">Guterres, uluslararas\u0131 insanc\u0131l hukuka her zaman uyma taahh\u00fcd\u00fc ve derhal ate\u015fkes \u00e7a\u011fr\u0131s\u0131nda bulunurken de, yeni sald\u0131r\u0131n\u0131n, bu sald\u0131r\u0131 s\u0131ras\u0131nda \u00f6ld\u00fcr\u00fclen UNRWA \u00e7al\u0131\u015fanlar\u0131n\u0131n say\u0131s\u0131n\u0131n 220 \u00e7al\u0131\u015fana ula\u015ft\u0131\u011f\u0131na i\u015faret ederek, hesap verebilirli\u011fin sa\u011flanmas\u0131 i\u00e7in son olayla ilgili ba\u011f\u0131ms\u0131z ve \u015feffaf bir soru\u015fturma yap\u0131lmas\u0131 \u00e7a\u011fr\u0131s\u0131nda bulundu.<\/p>\n<p style=\"text-align: justify;\">UNRWA, bar\u0131nak merkezinin m\u00fcd\u00fcr\u00fc ve yerinden edilmi\u015flere yard\u0131m sa\u011flayan ekibin baz\u0131 \u00fcyeleri de dahil olmak \u00fczere, \u0130srail bombalamas\u0131nda alt\u0131 \u00e7al\u0131\u015fan\u0131 \u00f6ld\u00fcr\u00fcld\u00fc\u011f\u00fcn\u00fc a\u00e7\u0131klayarak, \u00a0merkezin \u0130srail&#8217;in Gazze&#8217;ye y\u00f6nelik sald\u0131rganl\u0131\u011f\u0131n\u0131n ba\u015flang\u0131c\u0131ndan bu yana okulun be\u015f kez bombaland\u0131\u011f\u0131n\u0131 ve \u00e7o\u011funlu\u011fu kad\u0131n ve \u00e7ocuklardan olu\u015fan yakla\u015f\u0131k 12 bin yerinden edilmi\u015f ki\u015finin bar\u0131nd\u0131\u011f\u0131n\u0131 kaydetmi\u015fti.<\/p>\n<p style=\"text-align: center;\"><strong><a href=\"https:\/\/t.me\/SuriyeArapHaberAjansI\">Telegram Kanal\u0131m\u0131z\u00a0<\/a>||<a href=\"https:\/\/twitter.com\/arap_ajans\">X Platformumuz\u00a0<\/a>||<a href=\"https:\/\/www.facebook.com\/SANAHaberAjansi\/\">Facebook Sayfam\u0131z<\/a><\/strong><\/p>\n","protected":false},"excerpt":{"rendered":"<p>NEW YORK (SANA) &#8211; Birle\u015fmi\u015f Milletler Genel Sekreteri Ant\u00f3nio Guterres, \u0130srail i\u015fgal g\u00fc\u00e7lerinin Gazze \u015eeridi&#8217;nin merkezindeki Nuseyrat kamp\u0131nda yerlerinden edilmi\u015f Filistinlilerin ya\u015fad\u0131\u011f\u0131 bir okulu bombalamas\u0131n\u0131 ve alt\u0131s\u0131 UNRWA \u00e7al\u0131\u015fan\u0131n\u0131n da aralar\u0131nda bulundu\u011fu 18 ki\u015finin \u00f6l\u00fcm\u00fcne yol a\u00e7mas\u0131n\u0131 k\u0131nad\u0131. Guterres&#8217;in s\u00f6zc\u00fcs\u00fc Stephane Dujarric&#8217;in Birle\u015fmi\u015f Milletler Haber Merkezi&#8217;nde yay\u0131nlanan a\u00e7\u0131klamas\u0131nda, &#8220;Gazze&#8217;deki sivillere y\u00f6nelik etkili koruman\u0131n devam etmemesi &hellip;<\/p>\n","protected":false},"author":41,"featured_media":308412,"comment_status":"closed","ping_status":"closed","sticky":false,"template":"","format":"standard","meta":{"footnotes":""},"categories":[458,459,17988],"tags":[40123,42350,42351],"class_list":["post-308411","post","type-post","status-publish","format-standard","has-post-thumbnail","","category-dunya1","category-haberler-arap-uluslararasi-politika","category-son-haberler","tag-gazze-seridinde-son-durum","tag-guterres","tag-israilin-gazze-seridinde-yerinden-edilmis-kisilerin-kaldigi-bir-okula-yonelik-saldirgnaligini-kinadi"],"_links":{"self":[{"href":"https:\/\/archive.sana.sy\/tr\/index.php?rest_route=\/wp\/v2\/posts\/308411","targetHints":{"allow":["GET"]}}],"collection":[{"href":"https:\/\/archive.sana.sy\/tr\/index.php?rest_route=\/wp\/v2\/posts"}],"about":[{"href":"https:\/\/archive.sana.sy\/tr\/index.php?rest_route=\/wp\/v2\/types\/post"}],"author":[{"embeddable":true,"href":"https:\/\/archive.sana.sy\/tr\/index.php?rest_route=\/wp\/v2\/users\/41"}],"replies":[{"embeddable":true,"href":"https:\/\/archive.sana.sy\/tr\/index.php?rest_route=%2Fwp%2Fv2%2Fcomments&post=308411"}],"version-history":[{"count":1,"href":"https:\/\/archive.sana.sy\/tr\/index.php?rest_route=\/wp\/v2\/posts\/308411\/revisions"}],"predecessor-version":[{"id":308413,"href":"https:\/\/archive.sana.sy\/tr\/index.php?rest_route=\/wp\/v2\/posts\/308411\/revisions\/308413"}],"wp:featuredmedia":[{"embeddable":true,"href":"https:\/\/archive.sana.sy\/tr\/index.php?rest_route=\/wp\/v2\/media\/308412"}],"wp:attachment":[{"href":"https:\/\/archive.sana.sy\/tr\/index.php?rest_route=%2Fwp%2Fv2%2Fmedia&parent=308411"}],"wp:term":[{"taxonomy":"category","embeddable":true,"href":"https:\/\/archive.sana.sy\/tr\/index.php?rest_route=%2Fwp%2Fv2%2Fcategories&post=308411"},{"taxonomy":"post_tag","embeddable":true,"href":"https:\/\/archive.sana.sy\/tr\/index.php?rest_route=%2Fwp%2Fv2%2Ftags&post=308411"}],"curies":[{"name":"wp","href":"https:\/\/api.w.org\/{rel}","templated":true}]}}