{"id":308418,"date":"2024-09-13T06:27:33","date_gmt":"2024-09-13T03:27:33","guid":{"rendered":"https:\/\/sana.sy\/tr\/?p=308418"},"modified":"2024-09-24T14:48:25","modified_gmt":"2024-09-24T11:48:25","slug":"yerlesimciler-nablus-ve-ceninde-duzinelerce-zeytin-agacini-soktu","status":"publish","type":"post","link":"https:\/\/archive.sana.sy\/tr\/?p=308418","title":{"rendered":"Yerle\u015fimciler Nablus Ve Cenin&#8217;de D\u00fczinelerce Zeytin A\u011fac\u0131n\u0131 S\u00f6kt\u00fc"},"content":{"rendered":"<p style=\"text-align: justify;\"><strong>\u0130\u015eGAL ED\u0130LEN KUD\u00dcS (SANA)<\/strong> &#8211;\u00a0 \u0130srailli yerle\u015fimciler bug\u00fcn Bat\u0131 \u015eeria&#8217;n\u0131n Nablus ve Cenin \u015fehirlerindeki Filistin topraklar\u0131na sald\u0131rd\u0131.<\/p>\n<p style=\"text-align: justify;\">Filistin Wafa Ajans\u0131, i\u015fgal g\u00fc\u00e7leri taraf\u0131ndan korunan yerle\u015fimcilerin, Nablus&#8217;un bat\u0131s\u0131ndaki Beyit Amrin ve Cenin&#8217;in g\u00fcneyindeki Caba k\u00f6ylerindeki tar\u0131m arazilerine bask\u0131n d\u00fczenleyerek onlarca zeytin a\u011fac\u0131n\u0131 k\u00f6k\u00fcnden s\u00f6kt\u00fc\u011f\u00fcn\u00fc, 3 tar\u0131m odas\u0131 ve su tank\u0131n\u0131 y\u0131kt\u0131\u011f\u0131n\u0131 bildirdi.<\/p>\n<p style=\"text-align: justify;\">\u0130\u015fgal g\u00fc\u00e7leri, Filistinlileri yerinden etmek, topraklar\u0131na ve mallar\u0131na el koymak amac\u0131yla Bat\u0131 \u015eeria&#8217;n\u0131n her yerinde ihlal ve sald\u0131rganl\u0131klar\u0131n\u0131 s\u00fcrd\u00fcr\u00fcyor.<\/p>\n<p style=\"text-align: center;\"><strong><a href=\"https:\/\/t.me\/SuriyeArapHaberAjansI\">Telegram Kanal\u0131m\u0131z\u00a0<\/a>||<a href=\"https:\/\/twitter.com\/arap_ajans\">X Platformumuz\u00a0<\/a>||<a href=\"https:\/\/www.facebook.com\/SANAHaberAjansi\/\">Facebook Sayfam\u0131z<\/a><\/strong><\/p>\n","protected":false},"excerpt":{"rendered":"<p>\u0130\u015eGAL ED\u0130LEN KUD\u00dcS (SANA) &#8211;\u00a0 \u0130srailli yerle\u015fimciler bug\u00fcn Bat\u0131 \u015eeria&#8217;n\u0131n Nablus ve Cenin \u015fehirlerindeki Filistin topraklar\u0131na sald\u0131rd\u0131. Filistin Wafa Ajans\u0131, i\u015fgal g\u00fc\u00e7leri taraf\u0131ndan korunan yerle\u015fimcilerin, Nablus&#8217;un bat\u0131s\u0131ndaki Beyit Amrin ve Cenin&#8217;in g\u00fcneyindeki Caba k\u00f6ylerindeki tar\u0131m arazilerine bask\u0131n d\u00fczenleyerek onlarca zeytin a\u011fac\u0131n\u0131 k\u00f6k\u00fcnden s\u00f6kt\u00fc\u011f\u00fcn\u00fc, 3 tar\u0131m odas\u0131 ve su tank\u0131n\u0131 y\u0131kt\u0131\u011f\u0131n\u0131 bildirdi. \u0130\u015fgal g\u00fc\u00e7leri, Filistinlileri yerinden &hellip;<\/p>\n","protected":false},"author":41,"featured_media":308419,"comment_status":"closed","ping_status":"closed","sticky":false,"template":"","format":"standard","meta":{"footnotes":""},"categories":[458,459,17988],"tags":[42353],"class_list":["post-308418","post","type-post","status-publish","format-standard","has-post-thumbnail","","category-dunya1","category-haberler-arap-uluslararasi-politika","category-son-haberler","tag-yerlesimciler-nablus-ve-ceninde-duzinelerce-zeytin-agacini-soktu"],"_links":{"self":[{"href":"https:\/\/archive.sana.sy\/tr\/index.php?rest_route=\/wp\/v2\/posts\/308418","targetHints":{"allow":["GET"]}}],"collection":[{"href":"https:\/\/archive.sana.sy\/tr\/index.php?rest_route=\/wp\/v2\/posts"}],"about":[{"href":"https:\/\/archive.sana.sy\/tr\/index.php?rest_route=\/wp\/v2\/types\/post"}],"author":[{"embeddable":true,"href":"https:\/\/archive.sana.sy\/tr\/index.php?rest_route=\/wp\/v2\/users\/41"}],"replies":[{"embeddable":true,"href":"https:\/\/archive.sana.sy\/tr\/index.php?rest_route=%2Fwp%2Fv2%2Fcomments&post=308418"}],"version-history":[{"count":1,"href":"https:\/\/archive.sana.sy\/tr\/index.php?rest_route=\/wp\/v2\/posts\/308418\/revisions"}],"predecessor-version":[{"id":308420,"href":"https:\/\/archive.sana.sy\/tr\/index.php?rest_route=\/wp\/v2\/posts\/308418\/revisions\/308420"}],"wp:featuredmedia":[{"embeddable":true,"href":"https:\/\/archive.sana.sy\/tr\/index.php?rest_route=\/wp\/v2\/media\/308419"}],"wp:attachment":[{"href":"https:\/\/archive.sana.sy\/tr\/index.php?rest_route=%2Fwp%2Fv2%2Fmedia&parent=308418"}],"wp:term":[{"taxonomy":"category","embeddable":true,"href":"https:\/\/archive.sana.sy\/tr\/index.php?rest_route=%2Fwp%2Fv2%2Fcategories&post=308418"},{"taxonomy":"post_tag","embeddable":true,"href":"https:\/\/archive.sana.sy\/tr\/index.php?rest_route=%2Fwp%2Fv2%2Ftags&post=308418"}],"curies":[{"name":"wp","href":"https:\/\/api.w.org\/{rel}","templated":true}]}}