{"id":308426,"date":"2024-09-14T11:22:14","date_gmt":"2024-09-14T08:22:14","guid":{"rendered":"https:\/\/sana.sy\/tr\/?p=308426"},"modified":"2024-09-16T08:20:24","modified_gmt":"2024-09-16T05:20:24","slug":"344-gun-suren-saldirganlik-gazze-seridinde-araliksiz-devam-eden-isgal-bombardimaninda-sehit-ve-yaralilar","status":"publish","type":"post","link":"https:\/\/archive.sana.sy\/tr\/?p=308426","title":{"rendered":"Gazze \u015eeridi&#8217;nde 344 G\u00fcnd\u00fcr Aral\u0131ks\u0131z Devam Eden \u0130\u015fgal bombard\u0131man\u0131nda \u015eehit Ve Yaral\u0131lar"},"content":{"rendered":"<p style=\"text-align: justify;\"><strong>\u0130\u015eGAL ED\u0130LEN KUD\u00dcS (SANA)<\/strong> &#8211; Gazze \u015eeridi&#8217;ne y\u00f6nelik sald\u0131rganl\u0131k 344&#8217;\u00fcnc\u00fc g\u00fcn\u00fcne girerken i\u015fgal, Gazze \u015eeridi&#8217;nin bir\u00e7ok b\u00f6lgesine f\u00fcze ve top\u00e7u bombard\u0131man\u0131n\u0131 s\u00fcrd\u00fcrd\u00fc. \u00a0Bu da aralar\u0131nda \u00e7ocuklar\u0131n ve kad\u0131nlar\u0131n da bulundu\u011fu onlarca Filistinlinin \u00f6l\u00fcm\u00fcne ve yaralanmas\u0131na yol a\u00e7t\u0131.<\/p>\n<p style=\"text-align: justify;\">Filistin medyas\u0131, i\u015fgal u\u00e7aklar\u0131n\u0131n Gazze \u015fehrinin do\u011fusundaki Tuffah mahallesinde bir evi bombalamas\u0131 sonucu sivil savunma ve ambulans ekiplerinin 4&#8217;\u00fc \u00e7ocuk, 3&#8217;\u00fc kad\u0131n 10 \u015fehidin cenazesine ula\u015ft\u0131\u011f\u0131n\u0131 ve enkaz alt\u0131nda h\u00e2l\u00e2 kay\u0131p ki\u015filer oldu\u011funu bildirdi.<\/p>\n<p style=\"text-align: justify;\">Bu arada, Gazze \u015eeridi&#8217;nin g\u00fcneyindeki Han Yunus \u015fehrinin bat\u0131s\u0131ndaki El Mawasi b\u00f6lgesinde i\u015fgalcilerin, yerinden edilmi\u015f insanlar\u0131n bar\u0131nd\u0131\u011f\u0131 bir \u00e7ad\u0131r\u0131 bombalamas\u0131 sonucu 3 Filistinli \u00a0\u015fehit d\u00fc\u015ft\u00fc, di\u011ferleri de yaraland\u0131.<\/p>\n<p style=\"text-align: justify;\">Gazze \u015eehri&#8217;nin \u015eucaiye b\u00f6lgesinin do\u011fusundaki El Mantar Caddesi&#8217;ndeki bir eve i\u015fgalcilerin bombalamas\u0131 sonucu Filistinli bir kad\u0131n \u015fehit olurken, civardaki evlerde ya\u015fayanlar da yaraland\u0131.<\/p>\n<p style=\"text-align: justify;\">\u0130\u015fgalin aral\u0131ks\u0131z top\u00e7u at\u0131\u015flar\u0131 nedeniyle Gazze \u015eeridi&#8217;nin kuzeyindeki Beyt Hanun pompa b\u00f6lgesinden Cebeliye kamp\u0131ndaki Kamal Adwan Hastanesi&#8217;ne bir \u015fehit ula\u015ft\u0131.<\/p>\n<p style=\"text-align: justify;\">\u0130\u015fgalcilerin Beyit Hanun&#8217;a d\u00fczenledi\u011fi top at\u0131\u015flar\u0131 sonucu 2 Filistinli \u015fehit oldu, \u00e7ok say\u0131da ki\u015fi de yaraland\u0131.<\/p>\n<p style=\"text-align: justify;\">Gazze \u015eeridi&#8217;nin merkezinde, Nuseyrat&#8217;\u0131n kuzeybat\u0131s\u0131nda i\u015fgal u\u00e7aklar\u0131n\u0131n yo\u011fun bombard\u0131man\u0131na sahne olurken, kuzeydo\u011fu Bureyic kamp\u0131na da top at\u0131\u015flar\u0131 yap\u0131ld\u0131.<\/p>\n<p style=\"text-align: center;\"><strong><a href=\"https:\/\/t.me\/SuriyeArapHaberAjansI\">Telegram Kanal\u0131m\u0131z\u00a0<\/a>||<a href=\"https:\/\/twitter.com\/arap_ajans\">X Platformumuz\u00a0<\/a>||<a href=\"https:\/\/www.facebook.com\/SANAHaberAjansi\/\">Facebook Sayfam\u0131z<\/a><\/strong><\/p>\n","protected":false},"excerpt":{"rendered":"<p>\u0130\u015eGAL ED\u0130LEN KUD\u00dcS (SANA) &#8211; Gazze \u015eeridi&#8217;ne y\u00f6nelik sald\u0131rganl\u0131k 344&#8217;\u00fcnc\u00fc g\u00fcn\u00fcne girerken i\u015fgal, Gazze \u015eeridi&#8217;nin bir\u00e7ok b\u00f6lgesine f\u00fcze ve top\u00e7u bombard\u0131man\u0131n\u0131 s\u00fcrd\u00fcrd\u00fc. \u00a0Bu da aralar\u0131nda \u00e7ocuklar\u0131n ve kad\u0131nlar\u0131n da bulundu\u011fu onlarca Filistinlinin \u00f6l\u00fcm\u00fcne ve yaralanmas\u0131na yol a\u00e7t\u0131. Filistin medyas\u0131, i\u015fgal u\u00e7aklar\u0131n\u0131n Gazze \u015fehrinin do\u011fusundaki Tuffah mahallesinde bir evi bombalamas\u0131 sonucu sivil savunma ve ambulans ekiplerinin &hellip;<\/p>\n","protected":false},"author":41,"featured_media":308427,"comment_status":"closed","ping_status":"closed","sticky":false,"template":"","format":"standard","meta":{"footnotes":""},"categories":[458,459,17988],"tags":[],"class_list":["post-308426","post","type-post","status-publish","format-standard","has-post-thumbnail","","category-dunya1","category-haberler-arap-uluslararasi-politika","category-son-haberler"],"_links":{"self":[{"href":"https:\/\/archive.sana.sy\/tr\/index.php?rest_route=\/wp\/v2\/posts\/308426","targetHints":{"allow":["GET"]}}],"collection":[{"href":"https:\/\/archive.sana.sy\/tr\/index.php?rest_route=\/wp\/v2\/posts"}],"about":[{"href":"https:\/\/archive.sana.sy\/tr\/index.php?rest_route=\/wp\/v2\/types\/post"}],"author":[{"embeddable":true,"href":"https:\/\/archive.sana.sy\/tr\/index.php?rest_route=\/wp\/v2\/users\/41"}],"replies":[{"embeddable":true,"href":"https:\/\/archive.sana.sy\/tr\/index.php?rest_route=%2Fwp%2Fv2%2Fcomments&post=308426"}],"version-history":[{"count":3,"href":"https:\/\/archive.sana.sy\/tr\/index.php?rest_route=\/wp\/v2\/posts\/308426\/revisions"}],"predecessor-version":[{"id":308440,"href":"https:\/\/archive.sana.sy\/tr\/index.php?rest_route=\/wp\/v2\/posts\/308426\/revisions\/308440"}],"wp:featuredmedia":[{"embeddable":true,"href":"https:\/\/archive.sana.sy\/tr\/index.php?rest_route=\/wp\/v2\/media\/308427"}],"wp:attachment":[{"href":"https:\/\/archive.sana.sy\/tr\/index.php?rest_route=%2Fwp%2Fv2%2Fmedia&parent=308426"}],"wp:term":[{"taxonomy":"category","embeddable":true,"href":"https:\/\/archive.sana.sy\/tr\/index.php?rest_route=%2Fwp%2Fv2%2Fcategories&post=308426"},{"taxonomy":"post_tag","embeddable":true,"href":"https:\/\/archive.sana.sy\/tr\/index.php?rest_route=%2Fwp%2Fv2%2Ftags&post=308426"}],"curies":[{"name":"wp","href":"https:\/\/api.w.org\/{rel}","templated":true}]}}