{"id":308429,"date":"2024-09-14T11:36:08","date_gmt":"2024-09-14T08:36:08","guid":{"rendered":"https:\/\/sana.sy\/tr\/?p=308429"},"modified":"2024-09-16T08:20:29","modified_gmt":"2024-09-16T05:20:29","slug":"gazze-seridinde-344-gundur-araliksiz-devam-eden-isgal-bombardimaninda-sehit-ve-yaralilar","status":"publish","type":"post","link":"https:\/\/archive.sana.sy\/tr\/?p=308429","title":{"rendered":"L\u00fcbnan Direni\u015fi D\u00fc\u015fman \u0130srail&#8217;in Merkava Tank\u0131n\u0131 \u0130mha Etti Ve \u0130\u015fgal Edilen Filistin&#8217;in Kuzeyindeki Askeri \u00dcss\u00fcn\u00fc Hedef Ald\u0131"},"content":{"rendered":"<p><strong>BEYRUT (SANA) &#8211; <\/strong>Bug\u00fcn \u015fafak vakti, L\u00fcbnan direni\u015fi d\u00fczinelerce Katyu\u015fa roketiyle \u0130srail d\u00fc\u015fman kuvvetlerinin i\u015fgal alt\u0131ndaki Filistin&#8217;in kuzeyindeki askeri \u00fcss\u00fcn\u00fc hedef ald\u0131 ve Merkava tanklar\u0131ndan birini imha etti.<\/p>\n<p>Direni\u015f a\u00e7\u0131klamas\u0131nda \u015fu ifadeleri kulland\u0131: &#8221;Gazze \u015eeridi&#8217;ndeki kararl\u0131 Filistin halk\u0131m\u0131za, onlar\u0131n cesur ve onurlu direni\u015fine destek olarak ve d\u00fc\u015fman \u0130srail&#8217;in g\u00fcneydeki kararl\u0131 k\u00f6ylere ve \u00f6zellikle El Ahmediyye kasabas\u0131ndaki g\u00fcvenli evlere y\u00f6nelik sald\u0131r\u0131lar\u0131na yan\u0131t olarak,bug\u00fcn sava\u015f\u00e7\u0131lar\u0131m\u0131z Kuzey Kolordusu&#8217;nun yedek kararg\u00e2h\u0131n\u0131, Celile T\u00fcmeni yedek \u00fcss\u00fcn\u00fc ve Amiad&#8217;daki lojistik depolar\u0131n\u0131 d\u00fczinelerce Katyu\u015fa roketiyle bombalad\u0131.&#8221;<\/p>\n<p>Direni\u015f ayr\u0131ca, ikinci a\u00e7\u0131klamas\u0131nda Ruveysit El Alam-Zibdin yolu \u00fczerinde \u0130srail&#8217;e ait d\u00fc\u015fman Merkava tank\u0131n\u0131 g\u00fcd\u00fcml\u00fc f\u00fczeyle hedef ald\u0131\u011f\u0131n\u0131 ve do\u011frudan vurdu\u011funu duyurdu. Bu da, \u00f6zellikle Zabdi kasabas\u0131ndaki kararl\u0131 g\u00fcney k\u00f6ylerine ve g\u00fcvenli evlere y\u00f6nelik sald\u0131r\u0131lar\u0131na yan\u0131t olarak ve Gazze \u015eeridi&#8217;ndeki kararl\u0131 Filistin halk\u0131na ve onlar\u0131n direni\u015fine destek olarak, onun y\u0131k\u0131lmas\u0131na ve ate\u015flenmesine yol a\u00e7t\u0131.<\/p>\n<p>Direni\u015f d\u00fcn d\u00fc\u015fman \u0130srail&#8217;in ve L\u00fcbnan-Filistin s\u0131n\u0131r\u0131nda konu\u015flanan askerlerinin yerlerini hedef alan dokuz operasyon ger\u00e7ekle\u015ftirmi\u015fti.<\/p>\n<p style=\"text-align: center;\"><strong><a href=\"https:\/\/t.me\/SuriyeArapHaberAjansI\">Telegram Kanal\u0131m\u0131z\u00a0<\/a>||<a href=\"https:\/\/twitter.com\/arap_ajans\">X Platformumuz\u00a0<\/a>||<a href=\"https:\/\/www.facebook.com\/SANAHaberAjansi\/\">Facebook Sayfam\u0131z<\/a><\/strong><\/p>\n","protected":false},"excerpt":{"rendered":"<p>BEYRUT (SANA) &#8211; Bug\u00fcn \u015fafak vakti, L\u00fcbnan direni\u015fi d\u00fczinelerce Katyu\u015fa roketiyle \u0130srail d\u00fc\u015fman kuvvetlerinin i\u015fgal alt\u0131ndaki Filistin&#8217;in kuzeyindeki askeri \u00fcss\u00fcn\u00fc hedef ald\u0131 ve Merkava tanklar\u0131ndan birini imha etti. Direni\u015f a\u00e7\u0131klamas\u0131nda \u015fu ifadeleri kulland\u0131: &#8221;Gazze \u015eeridi&#8217;ndeki kararl\u0131 Filistin halk\u0131m\u0131za, onlar\u0131n cesur ve onurlu direni\u015fine destek olarak ve d\u00fc\u015fman \u0130srail&#8217;in g\u00fcneydeki kararl\u0131 k\u00f6ylere ve \u00f6zellikle El Ahmediyye &hellip;<\/p>\n","protected":false},"author":41,"featured_media":308430,"comment_status":"closed","ping_status":"closed","sticky":false,"template":"","format":"standard","meta":{"footnotes":""},"categories":[458,459,17988],"tags":[],"class_list":["post-308429","post","type-post","status-publish","format-standard","has-post-thumbnail","","category-dunya1","category-haberler-arap-uluslararasi-politika","category-son-haberler"],"_links":{"self":[{"href":"https:\/\/archive.sana.sy\/tr\/index.php?rest_route=\/wp\/v2\/posts\/308429","targetHints":{"allow":["GET"]}}],"collection":[{"href":"https:\/\/archive.sana.sy\/tr\/index.php?rest_route=\/wp\/v2\/posts"}],"about":[{"href":"https:\/\/archive.sana.sy\/tr\/index.php?rest_route=\/wp\/v2\/types\/post"}],"author":[{"embeddable":true,"href":"https:\/\/archive.sana.sy\/tr\/index.php?rest_route=\/wp\/v2\/users\/41"}],"replies":[{"embeddable":true,"href":"https:\/\/archive.sana.sy\/tr\/index.php?rest_route=%2Fwp%2Fv2%2Fcomments&post=308429"}],"version-history":[{"count":3,"href":"https:\/\/archive.sana.sy\/tr\/index.php?rest_route=\/wp\/v2\/posts\/308429\/revisions"}],"predecessor-version":[{"id":308438,"href":"https:\/\/archive.sana.sy\/tr\/index.php?rest_route=\/wp\/v2\/posts\/308429\/revisions\/308438"}],"wp:featuredmedia":[{"embeddable":true,"href":"https:\/\/archive.sana.sy\/tr\/index.php?rest_route=\/wp\/v2\/media\/308430"}],"wp:attachment":[{"href":"https:\/\/archive.sana.sy\/tr\/index.php?rest_route=%2Fwp%2Fv2%2Fmedia&parent=308429"}],"wp:term":[{"taxonomy":"category","embeddable":true,"href":"https:\/\/archive.sana.sy\/tr\/index.php?rest_route=%2Fwp%2Fv2%2Fcategories&post=308429"},{"taxonomy":"post_tag","embeddable":true,"href":"https:\/\/archive.sana.sy\/tr\/index.php?rest_route=%2Fwp%2Fv2%2Ftags&post=308429"}],"curies":[{"name":"wp","href":"https:\/\/api.w.org\/{rel}","templated":true}]}}