{"id":308445,"date":"2024-09-14T16:22:27","date_gmt":"2024-09-14T13:22:27","guid":{"rendered":"https:\/\/sana.sy\/tr\/?p=308445"},"modified":"2024-09-16T08:21:01","modified_gmt":"2024-09-16T05:21:01","slug":"suriye-kabile-ve-asiretleri-ve-ulusal-elitler-forumu-homsta-faaliyetlerine-basladi","status":"publish","type":"post","link":"https:\/\/archive.sana.sy\/tr\/?p=308445","title":{"rendered":"Be\u015finci A\u015firet Ve Ulusal Elitler Forumu Kat\u0131l\u0131mc\u0131lar\u0131 Orduya Desteklerini Ve \u0130srail Sald\u0131rganl\u0131klar\u0131n\u0131 K\u0131nad\u0131klar\u0131n\u0131 Vurgulad\u0131lar"},"content":{"rendered":"<p style=\"text-align: justify;\"><strong>HOMS (SANA) &#8211;<\/strong>Bug\u00fcn Homs Valili\u011fi&#8217;nde d\u00fczenlenen be\u015finci Suriye Kabile ve A\u015firetleri ve Ulusal Elitler Forumu&#8217;na kat\u0131lanlar, Suriye Arap Ordusu&#8217;na vatan\u0131n savunulmas\u0131 konusunda kal\u0131c\u0131 desteklerini, topraklar\u0131n\u0131n <img loading=\"lazy\" decoding=\"async\" class=\"size-medium wp-image-308470 alignright\" src=\"http:\/\/sana.sy\/tr\/wp-content\/uploads\/2024\/09\/7-9-300x200.jpg\" alt=\"\" width=\"300\" height=\"200\" srcset=\"https:\/\/archive.sana.sy\/tr\/wp-content\/uploads\/2024\/09\/7-9-300x200.jpg 300w, https:\/\/archive.sana.sy\/tr\/wp-content\/uploads\/2024\/09\/7-9.jpg 660w\" sizes=\"auto, (max-width: 300px) 100vw, 300px\" \/>birli\u011finin korundu\u011funu ve Suriye topraklar\u0131ndaki yasa d\u0131\u015f\u0131 Amerikan ve T\u00fcrk i\u015fgalini reddettiklerini vurgulayarak, \u0130srail&#8217;in Suriye&#8217;ye y\u00f6nelik sald\u0131rganl\u0131klar\u0131n\u0131 ve Siyonist i\u015fgalin i\u015fgal alt\u0131ndaki Filistin&#8217;de yapt\u0131\u011f\u0131 katliamlar\u0131 k\u0131nad\u0131lar.<\/p>\n<p style=\"text-align: justify;\">Homs \u015fehrinin ev sahipli\u011fi yapt\u0131\u011f\u0131 foruma, Suriye&#8217;deki ve baz\u0131 karde\u015f Arap \u00fclkelerindeki Arap kabilelerinin ileri gelenleri ve \u015feyhleri \u200b\u200bkat\u0131ld\u0131 ve Suriye valiliklerinden \u015fairlerin bir dizi yurtsever konu\u015fma ve \u015fiirleri sunuldu.<\/p>\n<p style=\"text-align: justify;\">A\u015firet \u015feyhleri \u200b\u200bve valiliklerdeki temsilcileri konu\u015fmalar\u0131nda t\u00fcm Suriyelilerin ulusal birli\u011fine ve Suriye Arap Ordusu etraf\u0131nda toparlanmaya vurgu yaparken, zafere ula\u015f\u0131ncaya ve son ter\u00f6rist ortadan kald\u0131r\u0131l\u0131ncaya kadar a\u015firetlerin vatana sad\u0131k kalaca\u011f\u0131n\u0131 ve vatan\u0131 savunaca\u011f\u0131n\u0131 vurgulad\u0131.<\/p>\n<p style=\"text-align: justify;\">D\u00fc\u015fman ajanlar\u0131n\u0131n ter\u00f6rist \u00e7abalar\u0131n\u0131 ve b\u00f6l\u00fcc\u00fc projelerini ger\u00e7ekle\u015ftirmekteki ba\u015far\u0131s\u0131zl\u0131\u011f\u0131n\u0131n ard\u0131ndan \u0130srail&#8217;in Suriye topraklar\u0131na y\u00f6nelik tekrarlanan sald\u0131rganl\u0131klar\u0131n\u0131 k\u0131nayan a\u015firet \u015feyhleri, Amerikal\u0131 ve T\u00fcrk i\u015fgalcilerin, onlar\u0131n <img loading=\"lazy\" decoding=\"async\" class=\"size-medium wp-image-308471 alignright\" src=\"http:\/\/sana.sy\/tr\/wp-content\/uploads\/2024\/09\/14-7-300x200.jpg\" alt=\"\" width=\"300\" height=\"200\" srcset=\"https:\/\/archive.sana.sy\/tr\/wp-content\/uploads\/2024\/09\/14-7-300x200.jpg 300w, https:\/\/archive.sana.sy\/tr\/wp-content\/uploads\/2024\/09\/14-7.jpg 660w\" sizes=\"auto, (max-width: 300px) 100vw, 300px\" \/>yanda\u015flar\u0131n\u0131n ve ajanlar\u0131n\u0131n kontrol\u00fcndeki topraklarda Suriye halk\u0131m\u0131z\u0131n \u00e7ekti\u011fi ac\u0131lar\u0131n boyutlar\u0131na dikkat \u00e7ekti.<\/p>\n<p style=\"text-align: justify;\">Forumun sonunda a\u015firet ileri gelenleri ve a\u015firet \u015feyhlerinin de aralar\u0131nda bulundu\u011fu kat\u0131l\u0131mc\u0131lar, Suriye devletinin onurunu, gururunu ve egemenli\u011fini savunma konusundaki kararl\u0131l\u0131klar\u0131n\u0131 teyit eden bir bildiri yay\u0131nlad\u0131lar.<\/p>\n<p style=\"text-align: justify;\">Kat\u0131l\u0131mc\u0131lar, Suriye topraklar\u0131ndaki her t\u00fcrl\u00fc yasad\u0131\u015f\u0131 yabanc\u0131 varl\u0131\u011f\u0131n\u0131 ve devam eden uygulamalar\u0131n\u0131, \u00f6zellikle de Suriye halk\u0131na ait olan \u00fclkenin zenginliklerinin \u00e7al\u0131nmas\u0131n\u0131 k\u0131narken de, her ne ad alt\u0131nda olursa olsun b\u00f6l\u00fcnme giri\u015fimlerini tamamen reddettiklerini ifade etti.<\/p>\n<p style=\"text-align: justify;\">Kabile ve a\u015firetler ayr\u0131ca, Suriye Arap Ordusu bayra\u011f\u0131 alt\u0131nda halk deste\u011fi olarak kalaca\u011f\u0131n\u0131 teyit ettiler ve ayr\u0131l\u0131k\u00e7\u0131 SDG milisleri ve di\u011ferleri taraf\u0131ndan ger\u00e7ekle\u015ftirilen sefil sabotaj giri\u015fimlerini k\u0131nad\u0131lar.<\/p>\n<p style=\"text-align: justify;\">Bildiride, \u0130srail&#8217;in Suriye&#8217;ye y\u00f6nelik sald\u0131rganl\u0131klar ve \u0130srail varl\u0131\u011f\u0131n\u0131n Filistin halk\u0131na ve L\u00fcbnan k\u00f6ylerine kar\u015f\u0131 i\u015fledi\u011fi, Birle\u015fmi\u015f Milletler kararlar\u0131n\u0131 hi\u00e7e sayarak ve t\u00fcm uluslararas\u0131 yasalar\u0131 ihlal ederek i\u015fledi\u011fi su\u00e7lar da\u00a0 k\u0131nand\u0131.<\/p>\n<p style=\"text-align: center;\"><strong><a href=\"https:\/\/t.me\/SuriyeArapHaberAjansI\">Telegram Kanal\u0131m\u0131z\u00a0<\/a>||<a href=\"https:\/\/twitter.com\/arap_ajans\">X Platformumuz\u00a0<\/a>||<a href=\"https:\/\/www.facebook.com\/SANAHaberAjansi\/\">Facebook Sayfam\u0131z<\/a><\/strong><\/p>\n<div id='gallery-1' class='gallery galleryid-308445 gallery-columns-3 gallery-size-thumbnail'><figure class='gallery-item'>\n\t\t\t<div class='gallery-icon landscape'>\n\t\t\t\t<a href='https:\/\/archive.sana.sy\/tr\/?attachment_id=308447'><img loading=\"lazy\" decoding=\"async\" width=\"150\" height=\"150\" src=\"https:\/\/archive.sana.sy\/tr\/wp-content\/uploads\/2024\/09\/1-7-150x150.jpg\" class=\"attachment-thumbnail size-thumbnail\" alt=\"\" \/><\/a>\n\t\t\t<\/div><\/figure><figure class='gallery-item'>\n\t\t\t<div class='gallery-icon landscape'>\n\t\t\t\t<a href='https:\/\/archive.sana.sy\/tr\/?attachment_id=308448'><img loading=\"lazy\" decoding=\"async\" width=\"150\" height=\"150\" src=\"https:\/\/archive.sana.sy\/tr\/wp-content\/uploads\/2024\/09\/2-4-150x150.jpg\" class=\"attachment-thumbnail size-thumbnail\" alt=\"\" \/><\/a>\n\t\t\t<\/div><\/figure><figure class='gallery-item'>\n\t\t\t<div class='gallery-icon landscape'>\n\t\t\t\t<a href='https:\/\/archive.sana.sy\/tr\/?attachment_id=308449'><img loading=\"lazy\" decoding=\"async\" width=\"150\" height=\"150\" src=\"https:\/\/archive.sana.sy\/tr\/wp-content\/uploads\/2024\/09\/3-2-150x150.jpg\" class=\"attachment-thumbnail size-thumbnail\" alt=\"\" \/><\/a>\n\t\t\t<\/div><\/figure>\n\t\t<\/div>\n\n","protected":false},"excerpt":{"rendered":"<p>HOMS (SANA) &#8211;Bug\u00fcn Homs Valili\u011fi&#8217;nde d\u00fczenlenen be\u015finci Suriye Kabile ve A\u015firetleri ve Ulusal Elitler Forumu&#8217;na kat\u0131lanlar, Suriye Arap Ordusu&#8217;na vatan\u0131n savunulmas\u0131 konusunda kal\u0131c\u0131 desteklerini, topraklar\u0131n\u0131n birli\u011finin korundu\u011funu ve Suriye topraklar\u0131ndaki yasa d\u0131\u015f\u0131 Amerikan ve T\u00fcrk i\u015fgalini reddettiklerini vurgulayarak, \u0130srail&#8217;in Suriye&#8217;ye y\u00f6nelik sald\u0131rganl\u0131klar\u0131n\u0131 ve Siyonist i\u015fgalin i\u015fgal alt\u0131ndaki Filistin&#8217;de yapt\u0131\u011f\u0131 katliamlar\u0131 k\u0131nad\u0131lar. Homs \u015fehrinin ev sahipli\u011fi &hellip;<\/p>\n","protected":false},"author":41,"featured_media":308475,"comment_status":"closed","ping_status":"closed","sticky":false,"template":"","format":"standard","meta":{"footnotes":""},"categories":[479,575,17988,478],"tags":[42362,42357,11549,38380,38641,42363],"class_list":["post-308445","post","type-post","status-publish","format-standard","has-post-thumbnail","","category-haberler-yerel","category-olaylar-ve-gercekler","category-son-haberler","category-yerel","tag-besinci-asiret-ve-ulusal-elitler-forumu-katilimcilari-orduya-desteklerini-ve-israil-saldirganliklarini-kinadiklarini-vurguladilar","tag-suriye-kabile-ve-asiretleri-ve-ulusal-elitler-forumu-homsta-faaliyetlerine-basladi","tag-suriye-ordusu","tag-suriyede-ne-oluyor","tag-suriyede-son-gelimeler","tag-suriyedeki-kabile-ve-asiretle"],"_links":{"self":[{"href":"https:\/\/archive.sana.sy\/tr\/index.php?rest_route=\/wp\/v2\/posts\/308445","targetHints":{"allow":["GET"]}}],"collection":[{"href":"https:\/\/archive.sana.sy\/tr\/index.php?rest_route=\/wp\/v2\/posts"}],"about":[{"href":"https:\/\/archive.sana.sy\/tr\/index.php?rest_route=\/wp\/v2\/types\/post"}],"author":[{"embeddable":true,"href":"https:\/\/archive.sana.sy\/tr\/index.php?rest_route=\/wp\/v2\/users\/41"}],"replies":[{"embeddable":true,"href":"https:\/\/archive.sana.sy\/tr\/index.php?rest_route=%2Fwp%2Fv2%2Fcomments&post=308445"}],"version-history":[{"count":4,"href":"https:\/\/archive.sana.sy\/tr\/index.php?rest_route=\/wp\/v2\/posts\/308445\/revisions"}],"predecessor-version":[{"id":308476,"href":"https:\/\/archive.sana.sy\/tr\/index.php?rest_route=\/wp\/v2\/posts\/308445\/revisions\/308476"}],"wp:featuredmedia":[{"embeddable":true,"href":"https:\/\/archive.sana.sy\/tr\/index.php?rest_route=\/wp\/v2\/media\/308475"}],"wp:attachment":[{"href":"https:\/\/archive.sana.sy\/tr\/index.php?rest_route=%2Fwp%2Fv2%2Fmedia&parent=308445"}],"wp:term":[{"taxonomy":"category","embeddable":true,"href":"https:\/\/archive.sana.sy\/tr\/index.php?rest_route=%2Fwp%2Fv2%2Fcategories&post=308445"},{"taxonomy":"post_tag","embeddable":true,"href":"https:\/\/archive.sana.sy\/tr\/index.php?rest_route=%2Fwp%2Fv2%2Ftags&post=308445"}],"curies":[{"name":"wp","href":"https:\/\/api.w.org\/{rel}","templated":true}]}}