{"id":308455,"date":"2024-09-14T16:49:22","date_gmt":"2024-09-14T13:49:22","guid":{"rendered":"https:\/\/sana.sy\/tr\/?p=308455"},"modified":"2024-09-16T08:21:34","modified_gmt":"2024-09-16T05:21:34","slug":"sana-ve-45-ulkeden-kurumlarin-katilimiyla-brics-medya-zirvesi-moskovada-duzenlendi","status":"publish","type":"post","link":"https:\/\/archive.sana.sy\/tr\/?p=308455","title":{"rendered":"SANA Ve 45 \u00dclkeden Kurumlar\u0131n Kat\u0131l\u0131m\u0131yla BRICS Medya Zirvesi Moskova&#8217;da D\u00fczenlendi"},"content":{"rendered":"<p style=\"text-align: justify;\"><strong>MOSKOVA (SANA)<\/strong>\u00a0 &#8211;\u00a0 BRICS Medya Zirvesi&#8217;nin yedinci oturumunun etkinlikleri bug\u00fcn Rusya&#8217;n\u0131n ba\u015fkenti Moskova&#8217;da, aralar\u0131nda Suriye Arap Haber Ajans\u0131&#8217;n\u0131n (SANA) da bulundu\u011fu 45 \u00fclkeden 60 medya kurulu\u015funun ba\u015fkanlar\u0131 ve temsilcilerinin kat\u0131l\u0131m\u0131yla ba\u015flad\u0131.<\/p>\n<p style=\"text-align: justify;\"><img loading=\"lazy\" decoding=\"async\" class=\"size-medium wp-image-308458 alignright\" src=\"http:\/\/sana.sy\/tr\/wp-content\/uploads\/2024\/09\/1-27-300x172.jpg\" alt=\"\" width=\"300\" height=\"172\" srcset=\"https:\/\/archive.sana.sy\/tr\/wp-content\/uploads\/2024\/09\/1-27-300x172.jpg 300w, https:\/\/archive.sana.sy\/tr\/wp-content\/uploads\/2024\/09\/1-27.jpg 660w\" sizes=\"auto, (max-width: 300px) 100vw, 300px\" \/>Rus TASS ajans\u0131 taraf\u0131ndan d\u00fczenlenen mevcut medya zirvesinde, \u00e7ok kutuplu d\u00fcnyada medyan\u0131n rol\u00fc, modern d\u00fcnyada medya g\u00fcvenli\u011fi sorunlar\u0131 ve bilgi ve haber al\u0131\u015fveri\u015finin teknik y\u00f6nleri masaya yat\u0131r\u0131l\u0131yor.<\/p>\n<p style=\"text-align: justify;\">Rusya D\u0131\u015fi\u015fleri Bakan\u0131 Sergei Lavrov, zirvede televizyondan yay\u0131nlanan konu\u015fmas\u0131nda, BRICS grubunun \u00e7ok tarafl\u0131 i\u015fbirli\u011fi i\u00e7in benzersiz bir mekanizma olarak g\u00f6r\u00fcld\u00fc\u011f\u00fcn\u00fc vurgulayarak, farkl\u0131 medeniyetleri ve co\u011frafi b\u00f6lgeleri temsil eden \u00fclkeler aras\u0131nda kendi \u00e7er\u00e7evesinde verimli i\u015fbirliklerinin ger\u00e7ekle\u015fti\u011fine i\u015faret etti.<\/p>\n<p style=\"text-align: justify;\">Rusya D\u0131\u015fi\u015fleri Bakan\u0131, \u00e7ok kutuplu bir d\u00fcnya d\u00fczeninin ortaya \u00e7\u0131kmas\u0131n\u0131n tarihsel ka\u00e7\u0131n\u0131lmazl\u0131\u011f\u0131 ba\u011flam\u0131nda, faaliyet t\u00fcrlerine bak\u0131lmaks\u0131z\u0131n gazetecilerin ve medya profesyonellerinin profesyonel \u00e7al\u0131\u015fmalar\u0131na olan talebin artt\u0131\u011f\u0131n\u0131 kaydederken de, BRICS \u00e7er\u00e7evelerindeki medya i\u015f birli\u011finin giderek konsolidasyona u\u011frad\u0131\u011f\u0131na ve g\u00fc\u00e7lendi\u011fine i\u015faret etti.<\/p>\n<div id='gallery-1' class='gallery galleryid-308455 gallery-columns-3 gallery-size-thumbnail'><figure class='gallery-item'>\n\t\t\t<div class='gallery-icon landscape'>\n\t\t\t\t<a href='https:\/\/archive.sana.sy\/tr\/?attachment_id=308461'><img loading=\"lazy\" decoding=\"async\" width=\"150\" height=\"150\" src=\"https:\/\/archive.sana.sy\/tr\/wp-content\/uploads\/2024\/09\/33-150x150.jpg\" class=\"attachment-thumbnail size-thumbnail\" alt=\"\" \/><\/a>\n\t\t\t<\/div><\/figure><figure class='gallery-item'>\n\t\t\t<div class='gallery-icon landscape'>\n\t\t\t\t<a href='https:\/\/archive.sana.sy\/tr\/?attachment_id=308462'><img loading=\"lazy\" decoding=\"async\" width=\"150\" height=\"150\" src=\"https:\/\/archive.sana.sy\/tr\/wp-content\/uploads\/2024\/09\/22-2-150x150.jpg\" class=\"attachment-thumbnail size-thumbnail\" alt=\"\" \/><\/a>\n\t\t\t<\/div><\/figure><figure class='gallery-item'>\n\t\t\t<div class='gallery-icon landscape'>\n\t\t\t\t<a href='https:\/\/archive.sana.sy\/tr\/?attachment_id=308463'><img loading=\"lazy\" decoding=\"async\" width=\"150\" height=\"150\" src=\"https:\/\/archive.sana.sy\/tr\/wp-content\/uploads\/2024\/09\/111-150x150.jpg\" class=\"attachment-thumbnail size-thumbnail\" alt=\"\" \/><\/a>\n\t\t\t<\/div><\/figure>\n\t\t<\/div>\n\n<p style=\"text-align: center;\"><strong><a href=\"https:\/\/t.me\/SuriyeArapHaberAjansI\">Telegram Kanal\u0131m\u0131z\u00a0<\/a>||<a href=\"https:\/\/twitter.com\/arap_ajans\">X Platformumuz\u00a0<\/a>||<a href=\"https:\/\/www.facebook.com\/SANAHaberAjansi\/\">Facebook Sayfam\u0131z<\/a><\/strong><\/p>\n","protected":false},"excerpt":{"rendered":"<p>MOSKOVA (SANA)\u00a0 &#8211;\u00a0 BRICS Medya Zirvesi&#8217;nin yedinci oturumunun etkinlikleri bug\u00fcn Rusya&#8217;n\u0131n ba\u015fkenti Moskova&#8217;da, aralar\u0131nda Suriye Arap Haber Ajans\u0131&#8217;n\u0131n (SANA) da bulundu\u011fu 45 \u00fclkeden 60 medya kurulu\u015funun ba\u015fkanlar\u0131 ve temsilcilerinin kat\u0131l\u0131m\u0131yla ba\u015flad\u0131. Rus TASS ajans\u0131 taraf\u0131ndan d\u00fczenlenen mevcut medya zirvesinde, \u00e7ok kutuplu d\u00fcnyada medyan\u0131n rol\u00fc, modern d\u00fcnyada medya g\u00fcvenli\u011fi sorunlar\u0131 ve bilgi ve haber al\u0131\u015fveri\u015finin teknik &hellip;<\/p>\n","protected":false},"author":41,"featured_media":308456,"comment_status":"closed","ping_status":"closed","sticky":false,"template":"","format":"standard","meta":{"footnotes":""},"categories":[458,459,17988],"tags":[18632,25536,42358,42359],"class_list":["post-308455","post","type-post","status-publish","format-standard","has-post-thumbnail","","category-dunya1","category-haberler-arap-uluslararasi-politika","category-son-haberler","tag-sana","tag-sana-ajansi","tag-suriye-arap-haber-ajansa","tag-suriyenin-rsmi-arap-haber-ajansi"],"_links":{"self":[{"href":"https:\/\/archive.sana.sy\/tr\/index.php?rest_route=\/wp\/v2\/posts\/308455","targetHints":{"allow":["GET"]}}],"collection":[{"href":"https:\/\/archive.sana.sy\/tr\/index.php?rest_route=\/wp\/v2\/posts"}],"about":[{"href":"https:\/\/archive.sana.sy\/tr\/index.php?rest_route=\/wp\/v2\/types\/post"}],"author":[{"embeddable":true,"href":"https:\/\/archive.sana.sy\/tr\/index.php?rest_route=\/wp\/v2\/users\/41"}],"replies":[{"embeddable":true,"href":"https:\/\/archive.sana.sy\/tr\/index.php?rest_route=%2Fwp%2Fv2%2Fcomments&post=308455"}],"version-history":[{"count":3,"href":"https:\/\/archive.sana.sy\/tr\/index.php?rest_route=\/wp\/v2\/posts\/308455\/revisions"}],"predecessor-version":[{"id":308465,"href":"https:\/\/archive.sana.sy\/tr\/index.php?rest_route=\/wp\/v2\/posts\/308455\/revisions\/308465"}],"wp:featuredmedia":[{"embeddable":true,"href":"https:\/\/archive.sana.sy\/tr\/index.php?rest_route=\/wp\/v2\/media\/308456"}],"wp:attachment":[{"href":"https:\/\/archive.sana.sy\/tr\/index.php?rest_route=%2Fwp%2Fv2%2Fmedia&parent=308455"}],"wp:term":[{"taxonomy":"category","embeddable":true,"href":"https:\/\/archive.sana.sy\/tr\/index.php?rest_route=%2Fwp%2Fv2%2Fcategories&post=308455"},{"taxonomy":"post_tag","embeddable":true,"href":"https:\/\/archive.sana.sy\/tr\/index.php?rest_route=%2Fwp%2Fv2%2Ftags&post=308455"}],"curies":[{"name":"wp","href":"https:\/\/api.w.org\/{rel}","templated":true}]}}