{"id":308466,"date":"2024-09-14T16:40:04","date_gmt":"2024-09-14T13:40:04","guid":{"rendered":"https:\/\/sana.sy\/tr\/?p=308466"},"modified":"2024-09-16T08:21:30","modified_gmt":"2024-09-16T05:21:30","slug":"suriyede-bakanligi-kurmakla-gorevlendirilen-muhammed-gazi-el-celali-kimdir","status":"publish","type":"post","link":"https:\/\/archive.sana.sy\/tr\/?p=308466","title":{"rendered":"Suriye&#8217;de Bakanl\u0131\u011f\u0131 Kurmakla G\u00f6revlendirilen Muhammed Gazi El Celali Kimdir?"},"content":{"rendered":"<p style=\"text-align: justify;\"><strong>\u015eAM (SANA) &#8211; \u00a0<\/strong>Muhammed Gazi El Celali, 1969 y\u0131l\u0131nda \u015eam&#8217;da do\u011fdu.<\/p>\n<p style=\"text-align: justify;\">Daha \u00f6nce A\u011fustos 2014&#8217;ten Temmuz 2016&#8217;ya kadar \u0130leti\u015fim ve Teknoloji Bakan\u0131, May\u0131s 2008&#8217;den A\u011fustos 2014&#8217;e kadar \u0130leti\u015fim ve Teknoloji Bakan Yard\u0131mc\u0131s\u0131 olarak g\u00f6rev yapt\u0131.<\/p>\n<p style=\"text-align: justify;\">Ayr\u0131ca Eyl\u00fcl 2023&#8217;ten bu yana Suriye \u00d6zel \u00dcniversitesi&#8217;nde (SPU) do\u00e7ent ve ba\u015fkan olarak g\u00f6rev yapmaktad\u0131r ve Nisan 2019&#8217;dan bu yana Arap Kalite Yap\u0131c\u0131lar\u0131 M\u00fctevelli Heyeti Ba\u015fkan\u0131 olarak g\u00f6rev yapmaktad\u0131r.<\/p>\n<p style=\"text-align: justify;\">El Celali ayr\u0131ca, 2000 y\u0131l\u0131nda Kahire&#8217;deki Ayin \u015eems \u00dcniversitesi&#8217;nden M\u00fchendislik Ekonomisi alan\u0131nda doktora derecesine ve 1997 y\u0131l\u0131nda Kahire&#8217;deki Ayin \u015eems \u00dcniversitesi&#8217;nden \u0130n\u015faat M\u00fchendisli\u011fi alan\u0131nda y\u00fcksek lisans derecesine sahiptir. Bunun yan\u0131nda da 1994 y\u0131l\u0131nda \u015eam \u00dcniversitesi&#8217;nden in\u015faat m\u00fchendisli\u011fi alan\u0131nda y\u00fcksek ara\u015ft\u0131rmalar diplomas\u0131, 1992 y\u0131l\u0131nda \u015eam \u00dcniversitesi \u0130n\u015faat M\u00fchendisli\u011fi Fak\u00fcltesi&#8217;nden in\u015faat m\u00fchendisli\u011fi alan\u0131nda lisans derecesi ald\u0131.<\/p>\n<p style=\"text-align: justify;\">Suriye&#8217;de kamu ve \u00f6zel sekt\u00f6r yarar\u0131na bir\u00e7ok \u00e7al\u0131\u015fmada dan\u0131\u015fman ve uzman olarak \u00e7al\u0131\u015ft\u0131 ve Suriye&#8217;de bir\u00e7ok b\u00fcy\u00fck m\u00fchendislik projesinin tamamlanmas\u0131nda g\u00f6rev alan El Celali, Suriye ve baz\u0131 Arap \u00fclkelerinde m\u00fchendislik ekonomisi, m\u00fchendislik s\u00f6zle\u015fme y\u00f6netimi, m\u00fchendislik tahkimi ve m\u00fchendislik proje y\u00f6netimi alanlar\u0131nda bir\u00e7ok e\u011fitim kursu ger\u00e7ekle\u015ftirdi.<\/p>\n<p style=\"text-align: center;\"><strong><a href=\"https:\/\/t.me\/SuriyeArapHaberAjansI\">Telegram Kanal\u0131m\u0131z\u00a0<\/a>||<a href=\"https:\/\/twitter.com\/arap_ajans\">X Platformumuz\u00a0<\/a>||<a href=\"https:\/\/www.facebook.com\/SANAHaberAjansi\/\">Facebook Sayfam\u0131z<\/a><\/strong><\/p>\n","protected":false},"excerpt":{"rendered":"<p>\u015eAM (SANA) &#8211; \u00a0Muhammed Gazi El Celali, 1969 y\u0131l\u0131nda \u015eam&#8217;da do\u011fdu. Daha \u00f6nce A\u011fustos 2014&#8217;ten Temmuz 2016&#8217;ya kadar \u0130leti\u015fim ve Teknoloji Bakan\u0131, May\u0131s 2008&#8217;den A\u011fustos 2014&#8217;e kadar \u0130leti\u015fim ve Teknoloji Bakan Yard\u0131mc\u0131s\u0131 olarak g\u00f6rev yapt\u0131. Ayr\u0131ca Eyl\u00fcl 2023&#8217;ten bu yana Suriye \u00d6zel \u00dcniversitesi&#8217;nde (SPU) do\u00e7ent ve ba\u015fkan olarak g\u00f6rev yapmaktad\u0131r ve Nisan 2019&#8217;dan bu yana &hellip;<\/p>\n","protected":false},"author":41,"featured_media":308467,"comment_status":"closed","ping_status":"closed","sticky":false,"template":"","format":"standard","meta":{"footnotes":""},"categories":[479,17988,478],"tags":[42360,42361],"class_list":["post-308466","post","type-post","status-publish","format-standard","has-post-thumbnail","","category-haberler-yerel","category-son-haberler","category-yerel","tag-suriyede-bakanligi-kurmakla-gorevlendirilen-muhammed-gazi-el-celali-kimdir","tag-suriyede-yeni-hukumet-kurulacak"],"_links":{"self":[{"href":"https:\/\/archive.sana.sy\/tr\/index.php?rest_route=\/wp\/v2\/posts\/308466","targetHints":{"allow":["GET"]}}],"collection":[{"href":"https:\/\/archive.sana.sy\/tr\/index.php?rest_route=\/wp\/v2\/posts"}],"about":[{"href":"https:\/\/archive.sana.sy\/tr\/index.php?rest_route=\/wp\/v2\/types\/post"}],"author":[{"embeddable":true,"href":"https:\/\/archive.sana.sy\/tr\/index.php?rest_route=\/wp\/v2\/users\/41"}],"replies":[{"embeddable":true,"href":"https:\/\/archive.sana.sy\/tr\/index.php?rest_route=%2Fwp%2Fv2%2Fcomments&post=308466"}],"version-history":[{"count":1,"href":"https:\/\/archive.sana.sy\/tr\/index.php?rest_route=\/wp\/v2\/posts\/308466\/revisions"}],"predecessor-version":[{"id":308468,"href":"https:\/\/archive.sana.sy\/tr\/index.php?rest_route=\/wp\/v2\/posts\/308466\/revisions\/308468"}],"wp:featuredmedia":[{"embeddable":true,"href":"https:\/\/archive.sana.sy\/tr\/index.php?rest_route=\/wp\/v2\/media\/308467"}],"wp:attachment":[{"href":"https:\/\/archive.sana.sy\/tr\/index.php?rest_route=%2Fwp%2Fv2%2Fmedia&parent=308466"}],"wp:term":[{"taxonomy":"category","embeddable":true,"href":"https:\/\/archive.sana.sy\/tr\/index.php?rest_route=%2Fwp%2Fv2%2Fcategories&post=308466"},{"taxonomy":"post_tag","embeddable":true,"href":"https:\/\/archive.sana.sy\/tr\/index.php?rest_route=%2Fwp%2Fv2%2Ftags&post=308466"}],"curies":[{"name":"wp","href":"https:\/\/api.w.org\/{rel}","templated":true}]}}