{"id":308477,"date":"2024-09-14T06:58:54","date_gmt":"2024-09-14T03:58:54","guid":{"rendered":"https:\/\/sana.sy\/tr\/?p=308477"},"modified":"2024-09-24T14:49:07","modified_gmt":"2024-09-24T11:49:07","slug":"antonov-abd-ukrayna-konusunda-rusya-ile-muzakere-yapmak-istemiyor","status":"publish","type":"post","link":"https:\/\/archive.sana.sy\/tr\/?p=308477","title":{"rendered":"Antonov: ABD Ukrayna Konusunda Rusya \u0130le M\u00fczakere Yapmak \u0130stemiyor"},"content":{"rendered":"<p style=\"text-align: justify;\"><strong>MOSKVA (SANA) &#8211;<\/strong>\u00a0 Rusya&#8217;n\u0131n ABD B\u00fcy\u00fckel\u00e7isi Anatoly Antonov \u015funlar\u0131 s\u00f6yledi: \u2018\u2019ABD, Rusya ile Ukrayna konusunda m\u00fczakere etmeye haz\u0131r veya istekli de\u011fil.\u2019\u2019<\/p>\n<p style=\"text-align: justify;\">TASS, Antonov&#8217;un Rossiya 24 TV&#8217;ye verdi\u011fi r\u00f6portajda \u015funlar\u0131 s\u00f6yledi\u011fini aktard\u0131: &#8220;Amerikal\u0131lar m\u00fczakere yapmak istemiyor. Bu konuyu tart\u0131\u015fmak konusunda kendilerini rahat hissetmiyorlar ve Ukraynal\u0131lar\u0131 kontrol etmediklerini iddia ediyorlar ve biz de onlar\u0131n normal m\u00fczakerelere haz\u0131r olmad\u0131klar\u0131n\u0131 biliyoruz.&#8221;<\/p>\n<p style=\"text-align: justify;\">\u0130ngiliz Daily Telegraph gazetesi daha \u00f6nce \u0130ngiltere Ba\u015fbakan\u0131 Keir Starmer ile ABD Ba\u015fkan\u0131 Joe Biden&#8217;\u0131n Kiev rejiminin Rusya topraklar\u0131na kar\u015f\u0131 \u0130ngiliz uzun menzilli Storm Shadow f\u00fczelerini kullanmas\u0131na izin verilmesi konusunu g\u00f6r\u00fc\u015febileceklerini ifade ederek, Starmer&#8217;\u0131n bu konu hakk\u0131nda kamuoyuna konu\u015fmak istemedi\u011fine dikkat \u00e7ekmi\u015fti.<\/p>\n<p style=\"text-align: center;\"><strong><a href=\"https:\/\/t.me\/SuriyeArapHaberAjansI\">Telegram Kanal\u0131m\u0131z\u00a0<\/a>||<a href=\"https:\/\/twitter.com\/arap_ajans\">X Platformumuz\u00a0<\/a>||<a href=\"https:\/\/www.facebook.com\/SANAHaberAjansi\/\">Facebook Sayfam\u0131z<\/a><\/strong><\/p>\n","protected":false},"excerpt":{"rendered":"<p>MOSKVA (SANA) &#8211;\u00a0 Rusya&#8217;n\u0131n ABD B\u00fcy\u00fckel\u00e7isi Anatoly Antonov \u015funlar\u0131 s\u00f6yledi: \u2018\u2019ABD, Rusya ile Ukrayna konusunda m\u00fczakere etmeye haz\u0131r veya istekli de\u011fil.\u2019\u2019 TASS, Antonov&#8217;un Rossiya 24 TV&#8217;ye verdi\u011fi r\u00f6portajda \u015funlar\u0131 s\u00f6yledi\u011fini aktard\u0131: &#8220;Amerikal\u0131lar m\u00fczakere yapmak istemiyor. Bu konuyu tart\u0131\u015fmak konusunda kendilerini rahat hissetmiyorlar ve Ukraynal\u0131lar\u0131 kontrol etmediklerini iddia ediyorlar ve biz de onlar\u0131n normal m\u00fczakerelere haz\u0131r &hellip;<\/p>\n","protected":false},"author":41,"featured_media":308478,"comment_status":"closed","ping_status":"closed","sticky":false,"template":"","format":"standard","meta":{"footnotes":""},"categories":[458,459,17988],"tags":[42364],"class_list":["post-308477","post","type-post","status-publish","format-standard","has-post-thumbnail","","category-dunya1","category-haberler-arap-uluslararasi-politika","category-son-haberler","tag-antonov-abd-ukrayna-konusunda-rusya-ile-muzakere-yapmak-istemiyor"],"_links":{"self":[{"href":"https:\/\/archive.sana.sy\/tr\/index.php?rest_route=\/wp\/v2\/posts\/308477","targetHints":{"allow":["GET"]}}],"collection":[{"href":"https:\/\/archive.sana.sy\/tr\/index.php?rest_route=\/wp\/v2\/posts"}],"about":[{"href":"https:\/\/archive.sana.sy\/tr\/index.php?rest_route=\/wp\/v2\/types\/post"}],"author":[{"embeddable":true,"href":"https:\/\/archive.sana.sy\/tr\/index.php?rest_route=\/wp\/v2\/users\/41"}],"replies":[{"embeddable":true,"href":"https:\/\/archive.sana.sy\/tr\/index.php?rest_route=%2Fwp%2Fv2%2Fcomments&post=308477"}],"version-history":[{"count":1,"href":"https:\/\/archive.sana.sy\/tr\/index.php?rest_route=\/wp\/v2\/posts\/308477\/revisions"}],"predecessor-version":[{"id":308479,"href":"https:\/\/archive.sana.sy\/tr\/index.php?rest_route=\/wp\/v2\/posts\/308477\/revisions\/308479"}],"wp:featuredmedia":[{"embeddable":true,"href":"https:\/\/archive.sana.sy\/tr\/index.php?rest_route=\/wp\/v2\/media\/308478"}],"wp:attachment":[{"href":"https:\/\/archive.sana.sy\/tr\/index.php?rest_route=%2Fwp%2Fv2%2Fmedia&parent=308477"}],"wp:term":[{"taxonomy":"category","embeddable":true,"href":"https:\/\/archive.sana.sy\/tr\/index.php?rest_route=%2Fwp%2Fv2%2Fcategories&post=308477"},{"taxonomy":"post_tag","embeddable":true,"href":"https:\/\/archive.sana.sy\/tr\/index.php?rest_route=%2Fwp%2Fv2%2Ftags&post=308477"}],"curies":[{"name":"wp","href":"https:\/\/api.w.org\/{rel}","templated":true}]}}