{"id":308532,"date":"2024-09-16T08:18:26","date_gmt":"2024-09-16T05:18:26","guid":{"rendered":"https:\/\/sana.sy\/tr\/?p=308532"},"modified":"2024-09-17T15:12:47","modified_gmt":"2024-09-17T12:12:47","slug":"cumhurbaskani-esad-samdaki-saad-bin-muaz-camiinde-peygamber-efendimizin-mevlidini-kutlamalarina-katildi","status":"publish","type":"post","link":"https:\/\/archive.sana.sy\/tr\/?p=308532","title":{"rendered":"Cumhurba\u015fkan\u0131 Esad, \u015eam&#8217;daki Saad Bin Muaz Camii&#8217;nde Peygamber Efendimiz&#8217;in Mevlidini Kutlamalar\u0131na Kat\u0131ld\u0131"},"content":{"rendered":"<p style=\"text-align: justify;\"><strong>\u015eAM (SANA) &#8211;<\/strong> Cumhurba\u015fkan\u0131 Be\u015f\u015far Esad, Vak\u0131flar Bakanl\u0131\u011f\u0131 taraf\u0131ndan bug\u00fcn \u015eam&#8217;daki Saad bin Muaz Camii&#8217;nde Peygamber Efendimiz&#8217;in do\u011fum g\u00fcn\u00fc (Mevlidi) an\u0131s\u0131na d\u00fczenlenen dini kutlamaya kat\u0131larak, ak\u015fam namaz\u0131n\u0131 F\u0131k\u0131h Bilim Konseyi \u00fcyesi \u015eeyh Abd\u00fclfettah El Bezm&#8217;\u0131n imaml\u0131\u011f\u0131nda k\u0131ld\u0131.<\/p>\n<p style=\"text-align: justify;\">Kutlama, \u015eeyh Selim Abdo El Akkad\u2019\u0131n Kur\u2019an-\u0131 Kerim\u2019den ayetleri tilavetiyle ba\u015flad\u0131.<\/p>\n<p style=\"text-align: justify;\"><img loading=\"lazy\" decoding=\"async\" class=\"size-medium wp-image-308534 alignright\" src=\"http:\/\/sana.sy\/tr\/wp-content\/uploads\/2024\/09\/053-1-300x200.jpg\" alt=\"\" width=\"300\" height=\"200\" srcset=\"https:\/\/archive.sana.sy\/tr\/wp-content\/uploads\/2024\/09\/053-1-300x200.jpg 300w, https:\/\/archive.sana.sy\/tr\/wp-content\/uploads\/2024\/09\/053-1.jpg 660w\" sizes=\"auto, (max-width: 300px) 100vw, 300px\" \/>Ge\u00e7ici h\u00fck\u00fcmetin Evkaf Bakan\u0131 Muhammed Abd\u00fclsettar El Seyyid yapt\u0131\u011f\u0131 konu\u015fmada \u015funlar\u0131 s\u00f6yledi: &#8221;De\u011ferlerin ve ahlak\u0131n bozuldu\u011fu, standartlar\u0131n de\u011fi\u015fti\u011fi bir d\u00fcnyada ya\u015f\u0131yoruz. \u00c7\u00fcnk\u00fc Amerika Birle\u015fik Devletleri&#8217;nin ba\u015f\u0131n\u0131 \u00e7ekti\u011fi Bat\u0131, a\u00e7\u0131ktan sapk\u0131nl\u0131k ve insan haklar\u0131 ihlali \u00e7a\u011fr\u0131lar\u0131yla de\u011ferleri ve ahlak\u0131 hi\u00e7e saym\u0131\u015ft\u0131r. Bug\u00fcn Gazze ve Filistin&#8217;de ya\u015fl\u0131lar\u0131n, \u00e7ocuklar\u0131n ve kad\u0131nlar\u0131n bitmek t\u00fckenmek bilmeyen \u00f6ld\u00fcr\u00fclmesi, camilerin, kiliselerin ve Kur&#8217;an-\u0131 Kerim&#8217;lerin yak\u0131lmas\u0131, \u00f6zg\u00fcrl\u00fck ve insan haklar\u0131 iddias\u0131nda bulunan d\u00fcnyan\u0131n g\u00f6z\u00fc \u00f6n\u00fcnde soyk\u0131r\u0131md\u0131r.&#8221;<\/p>\n<p style=\"text-align: justify;\">Evkaf Bakan\u0131 konu\u015fmas\u0131nda ayr\u0131ca, &#8221;Bug\u00fcn Bu Dinin De\u011ferleri ba\u015fl\u0131kl\u0131 bir mesajla kar\u015f\u0131 kar\u015f\u0131yay\u0131z. Her g\u00fcn ya\u015fanan bitmek t\u00fckenmek bilmeyen cinayetler, Mescid-i Aksa&#8217;ya yap\u0131lan sald\u0131rganl\u0131klar, yak\u0131lanlar, duygular\u0131m\u0131za, kutsallar\u0131m\u0131za meydan okunan bu dinin ve Peygamber Efendimiz&#8217;in mensuplar\u0131, bu b\u00fcy\u00fck mevlidi nas\u0131l kar\u015f\u0131layabiliriz? \u0130slam&#8217;\u0131m\u0131z ve H\u0131ristiyanl\u0131\u011f\u0131m\u0131z? &#8230; B\u00fct\u00fcn bunlar\u0131n kar\u015f\u0131s\u0131nda, insan in\u015fa etme konusunda bunu hat\u0131rlayan Peygamber Efendimiz (s.a.v.)&#8217;in \u00f6rne\u011fini takip etmeliyiz. Peygamber Efendimiz&#8217;in vefat\u0131ndan sonraki on y\u0131l i\u00e7inde \u0130slam, kazan\u00e7 ve makamlarda de\u011fil, s\u0131nav ve imtihan zamanlar\u0131nda insan yeti\u015ftirmekle elde edilen Alplere ve Fransa&#8217;ya ula\u015ft\u0131&#8221; ifadelerini kulland\u0131.<\/p>\n<p style=\"text-align: justify;\"><img loading=\"lazy\" decoding=\"async\" class=\"size-full wp-image-308535 alignright\" src=\"http:\/\/sana.sy\/tr\/wp-content\/uploads\/2024\/09\/09-174x300-1.jpg\" alt=\"\" width=\"174\" height=\"300\" \/>&#8221;E\u011fitim, Allah&#8217;a imandan sonra sadece iki \u015feye dayan\u0131yordu: sab\u0131rla umut ve dindarl\u0131kla \u00e7al\u0131\u015fma. Peygamber Efendimiz (s.a.v.) bu temelde, gen\u00e7leri yeti\u015ftirmi\u015f ve insanl\u0131\u011f\u0131n en b\u00fcy\u00fck medeniyetini kuran insanlar\u0131 yeti\u015ftirmi\u015ftir&#8221; diyen Bakan El Seyyid \u015f\u00f6yle devam etti: &#8221;Amerika Birle\u015fik Devletleri, Bat\u0131 ve \u201c\u0130srail\u201dle, 12 y\u0131l\u0131 a\u015fk\u0131n s\u00fcredir Suriye&#8217;ye musallat edilen ter\u00f6r \u00e7eteleriyle y\u00fczle\u015fmek isteyen millet, bunu ancak Peygamber Efendimiz (sav)&#8217;in m\u00fcminlerin ruhuna a\u015f\u0131lad\u0131\u011f\u0131 bu ilke, de\u011fer, kavram ve terminolojiye inanan insanlar yapabilir.&#8221;<\/p>\n<p style=\"text-align: justify;\">Vak\u0131flar Bakan\u0131 ayr\u0131ca, Cumhurba\u015fkan\u0131n\u0131n Halk Meclisi&#8217;ndeki konu\u015fmas\u0131n\u0131n, de\u011ferler ve ahlak ba\u015fl\u0131kl\u0131, sald\u0131rganl\u0131\u011f\u0131 p\u00fcsk\u00fcrten ve sald\u0131rganlar\u0131 ma\u011flup eden \u00f6nc\u00fc bir y\u00fcr\u00fcy\u00fc\u015f\u00fc, Suriye&#8217;ye y\u00f6nelik s\u00fcrekli ve yenilenen bir y\u00fcr\u00fcy\u00fc\u015f\u00fc ifade etti\u011fini a\u00e7\u0131klarken, s\u00f6z\u00fcn, ahlak ve de\u011ferleri getiren, insan u\u011fruna gelen semav\u00ee mesajlar\u0131n \u00f6z\u00fcn\u00fc \u00f6zetledi\u011fine dikkat \u00e7ekti.<\/p>\n<p style=\"text-align: justify;\">Kutlama, Levant Alimleri Birli\u011fi Ba\u015fkan\u0131 \u015eeyh Muhammed Tevfik Ramazan El Buti&#8217;nin duas\u0131yla sona erdi. Bu duda, milleti tek y\u00fcrekte bir araya getirmesi, cani Siyonist d\u00fc\u015fmanlar\u0131n\u0131 yenmesi ve Filistin ve Gazze halk\u0131na zafer bah\u015fetmesi, Suriye&#8217;yi, halk\u0131n\u0131, ordusunu ve lideri Say\u0131n Cumhurba\u015fkan\u0131 Be\u015f\u015far Esad&#8217;\u0131 korumas\u0131 i\u00e7in \u00fclkenin ve vatanda\u015f\u0131n \u00e7\u0131kar\u0131na olan\u0131 yapma ilham\u0131 verilmesi i\u00e7in Allah&#8217;a dua etti.<\/p>\n<p style=\"text-align: justify;\">Kutlamada Peygamberimizin mevlidinden ilham al\u0131narak yap\u0131lan dini dualar da yer ald\u0131.<\/p>\n<p style=\"text-align: justify;\">Dini kutlamaya Arap Sosyalist Baas Partisi Genel Sekreter Yard\u0131mc\u0131s\u0131 \u0130brahim El Hadid, \u0130slam din alimleri ve \u00e7ok say\u0131da vatanda\u015f kat\u0131ld\u0131.<\/p>\n<p style=\"text-align: center;\"><strong><a href=\"https:\/\/t.me\/SuriyeArapHaberAjansI\">Telegram Kanal\u0131m\u0131z\u00a0<\/a>||<a href=\"https:\/\/twitter.com\/arap_ajans\">X Platformumuz\u00a0<\/a>||<a href=\"https:\/\/www.facebook.com\/SANAHaberAjansi\/\">Facebook Sayfam\u0131z<\/a><\/strong><\/p>\n<div id='gallery-1' class='gallery galleryid-308532 gallery-columns-1 gallery-size-full'><figure class='gallery-item'>\n\t\t\t<div class='gallery-icon landscape'>\n\t\t\t\t<a href='https:\/\/archive.sana.sy\/tr\/wp-content\/uploads\/2024\/09\/01-9.jpg'><img loading=\"lazy\" decoding=\"async\" width=\"660\" height=\"453\" src=\"https:\/\/archive.sana.sy\/tr\/wp-content\/uploads\/2024\/09\/01-9.jpg\" class=\"attachment-full size-full\" alt=\"\" srcset=\"https:\/\/archive.sana.sy\/tr\/wp-content\/uploads\/2024\/09\/01-9.jpg 660w, https:\/\/archive.sana.sy\/tr\/wp-content\/uploads\/2024\/09\/01-9-300x206.jpg 300w, https:\/\/archive.sana.sy\/tr\/wp-content\/uploads\/2024\/09\/01-9-110x75.jpg 110w\" sizes=\"auto, (max-width: 660px) 100vw, 660px\" \/><\/a>\n\t\t\t<\/div><\/figure><figure class='gallery-item'>\n\t\t\t<div class='gallery-icon landscape'>\n\t\t\t\t<a href='https:\/\/archive.sana.sy\/tr\/wp-content\/uploads\/2024\/09\/04-2.jpg'><img loading=\"lazy\" decoding=\"async\" width=\"660\" height=\"361\" src=\"https:\/\/archive.sana.sy\/tr\/wp-content\/uploads\/2024\/09\/04-2.jpg\" class=\"attachment-full size-full\" alt=\"\" srcset=\"https:\/\/archive.sana.sy\/tr\/wp-content\/uploads\/2024\/09\/04-2.jpg 660w, https:\/\/archive.sana.sy\/tr\/wp-content\/uploads\/2024\/09\/04-2-300x164.jpg 300w\" sizes=\"auto, (max-width: 660px) 100vw, 660px\" \/><\/a>\n\t\t\t<\/div><\/figure><figure class='gallery-item'>\n\t\t\t<div class='gallery-icon portrait'>\n\t\t\t\t<a href='https:\/\/archive.sana.sy\/tr\/wp-content\/uploads\/2024\/09\/06.jpg'><img loading=\"lazy\" decoding=\"async\" width=\"660\" height=\"985\" src=\"https:\/\/archive.sana.sy\/tr\/wp-content\/uploads\/2024\/09\/06.jpg\" class=\"attachment-full size-full\" alt=\"\" srcset=\"https:\/\/archive.sana.sy\/tr\/wp-content\/uploads\/2024\/09\/06.jpg 660w, https:\/\/archive.sana.sy\/tr\/wp-content\/uploads\/2024\/09\/06-201x300.jpg 201w\" sizes=\"auto, (max-width: 660px) 100vw, 660px\" \/><\/a>\n\t\t\t<\/div><\/figure><figure class='gallery-item'>\n\t\t\t<div class='gallery-icon portrait'>\n\t\t\t\t<a href='https:\/\/archive.sana.sy\/tr\/wp-content\/uploads\/2024\/09\/07.jpg'><img loading=\"lazy\" decoding=\"async\" width=\"660\" height=\"961\" src=\"https:\/\/archive.sana.sy\/tr\/wp-content\/uploads\/2024\/09\/07.jpg\" class=\"attachment-full size-full\" alt=\"\" srcset=\"https:\/\/archive.sana.sy\/tr\/wp-content\/uploads\/2024\/09\/07.jpg 660w, https:\/\/archive.sana.sy\/tr\/wp-content\/uploads\/2024\/09\/07-206x300.jpg 206w\" sizes=\"auto, (max-width: 660px) 100vw, 660px\" \/><\/a>\n\t\t\t<\/div><\/figure><figure class='gallery-item'>\n\t\t\t<div class='gallery-icon landscape'>\n\t\t\t\t<a href='https:\/\/archive.sana.sy\/tr\/wp-content\/uploads\/2024\/09\/053.jpg'><img loading=\"lazy\" decoding=\"async\" width=\"660\" height=\"440\" src=\"https:\/\/archive.sana.sy\/tr\/wp-content\/uploads\/2024\/09\/053.jpg\" class=\"attachment-full size-full\" alt=\"\" srcset=\"https:\/\/archive.sana.sy\/tr\/wp-content\/uploads\/2024\/09\/053.jpg 660w, https:\/\/archive.sana.sy\/tr\/wp-content\/uploads\/2024\/09\/053-300x200.jpg 300w\" sizes=\"auto, (max-width: 660px) 100vw, 660px\" \/><\/a>\n\t\t\t<\/div><\/figure>\n\t\t<\/div>\n\n","protected":false},"excerpt":{"rendered":"<p>\u015eAM (SANA) &#8211; Cumhurba\u015fkan\u0131 Be\u015f\u015far Esad, Vak\u0131flar Bakanl\u0131\u011f\u0131 taraf\u0131ndan bug\u00fcn \u015eam&#8217;daki Saad bin Muaz Camii&#8217;nde Peygamber Efendimiz&#8217;in do\u011fum g\u00fcn\u00fc (Mevlidi) an\u0131s\u0131na d\u00fczenlenen dini kutlamaya kat\u0131larak, ak\u015fam namaz\u0131n\u0131 F\u0131k\u0131h Bilim Konseyi \u00fcyesi \u015eeyh Abd\u00fclfettah El Bezm&#8217;\u0131n imaml\u0131\u011f\u0131nda k\u0131ld\u0131. Kutlama, \u015eeyh Selim Abdo El Akkad\u2019\u0131n Kur\u2019an-\u0131 Kerim\u2019den ayetleri tilavetiyle ba\u015flad\u0131. Ge\u00e7ici h\u00fck\u00fcmetin Evkaf Bakan\u0131 Muhammed Abd\u00fclsettar El &hellip;<\/p>\n","protected":false},"author":39,"featured_media":308533,"comment_status":"closed","ping_status":"closed","sticky":false,"template":"","format":"standard","meta":{"footnotes":""},"categories":[606,589,605],"tags":[],"class_list":["post-308532","post","type-post","status-publish","format-standard","has-post-thumbnail","","category-cumhurbaskani","category-haber-seridi","category-sayin-cumhurbaskani"],"_links":{"self":[{"href":"https:\/\/archive.sana.sy\/tr\/index.php?rest_route=\/wp\/v2\/posts\/308532","targetHints":{"allow":["GET"]}}],"collection":[{"href":"https:\/\/archive.sana.sy\/tr\/index.php?rest_route=\/wp\/v2\/posts"}],"about":[{"href":"https:\/\/archive.sana.sy\/tr\/index.php?rest_route=\/wp\/v2\/types\/post"}],"author":[{"embeddable":true,"href":"https:\/\/archive.sana.sy\/tr\/index.php?rest_route=\/wp\/v2\/users\/39"}],"replies":[{"embeddable":true,"href":"https:\/\/archive.sana.sy\/tr\/index.php?rest_route=%2Fwp%2Fv2%2Fcomments&post=308532"}],"version-history":[{"count":1,"href":"https:\/\/archive.sana.sy\/tr\/index.php?rest_route=\/wp\/v2\/posts\/308532\/revisions"}],"predecessor-version":[{"id":308541,"href":"https:\/\/archive.sana.sy\/tr\/index.php?rest_route=\/wp\/v2\/posts\/308532\/revisions\/308541"}],"wp:featuredmedia":[{"embeddable":true,"href":"https:\/\/archive.sana.sy\/tr\/index.php?rest_route=\/wp\/v2\/media\/308533"}],"wp:attachment":[{"href":"https:\/\/archive.sana.sy\/tr\/index.php?rest_route=%2Fwp%2Fv2%2Fmedia&parent=308532"}],"wp:term":[{"taxonomy":"category","embeddable":true,"href":"https:\/\/archive.sana.sy\/tr\/index.php?rest_route=%2Fwp%2Fv2%2Fcategories&post=308532"},{"taxonomy":"post_tag","embeddable":true,"href":"https:\/\/archive.sana.sy\/tr\/index.php?rest_route=%2Fwp%2Fv2%2Ftags&post=308532"}],"curies":[{"name":"wp","href":"https:\/\/api.w.org\/{rel}","templated":true}]}}