{"id":308563,"date":"2024-09-16T15:50:03","date_gmt":"2024-09-16T12:50:03","guid":{"rendered":"https:\/\/sana.sy\/tr\/?p=308563"},"modified":"2024-09-18T15:44:23","modified_gmt":"2024-09-18T12:44:23","slug":"cumhurbaskani-esad-shoiguyla-uluslararasi-ve-bolgesel-guvenlik-ve-ikili-iliskilere-iliskin-dosyalari-gorustu","status":"publish","type":"post","link":"https:\/\/archive.sana.sy\/tr\/?p=308563","title":{"rendered":"Cumhurba\u015fkan\u0131 Esad, Shoigu&#8217;yla Uluslararas\u0131 Ve B\u00f6lgesel G\u00fcvenlik Ve \u0130kili \u0130li\u015fkilere \u0130li\u015fkin Dosyalar\u0131 G\u00f6r\u00fc\u015ft\u00fc"},"content":{"rendered":"<p style=\"text-align: justify;\"><strong>\u015eAM (SANA)<\/strong>\u00a0 &#8211; Cumhurba\u015fkan\u0131 Be\u015f\u015far Esad, Rusya Federasyonu G\u00fcvenlik Konseyi Sekreteri Sergei Shoigu&#8217;yu kabul etti.<\/p>\n<p style=\"text-align: justify;\">Cumhurba\u015fkan\u0131 Esad, Shoigu ile uluslararas\u0131 ve b\u00f6lgesel g\u00fcvenli\u011fin yan\u0131 s\u0131ra Suriye ile Rusya aras\u0131ndaki ikili ili\u015fkiler ve bunlar\u0131n iki \u00fclkenin \u00e7\u0131karlar\u0131na hizmet edecek \u015fekilde g\u00fc\u00e7lendirilmesi umutlar\u0131yla ilgili bir grup dosyay\u0131 masaya yat\u0131rd\u0131.<\/p>\n<p style=\"text-align: center;\"><strong><a href=\"https:\/\/t.me\/SuriyeArapHaberAjansI\">Telegram Kanal\u0131m\u0131z\u00a0<\/a><span style=\"color: #ff0000;\">||<\/span><a href=\"https:\/\/twitter.com\/arap_ajans\">X Platformumuz\u00a0<\/a><span style=\"color: #ff0000;\">||<\/span><a href=\"https:\/\/www.facebook.com\/SANAHaberAjansi\/\">Facebook Sayfam\u0131z<\/a><\/strong><\/p>\n","protected":false},"excerpt":{"rendered":"<p>\u015eAM (SANA)\u00a0 &#8211; Cumhurba\u015fkan\u0131 Be\u015f\u015far Esad, Rusya Federasyonu G\u00fcvenlik Konseyi Sekreteri Sergei Shoigu&#8217;yu kabul etti. Cumhurba\u015fkan\u0131 Esad, Shoigu ile uluslararas\u0131 ve b\u00f6lgesel g\u00fcvenli\u011fin yan\u0131 s\u0131ra Suriye ile Rusya aras\u0131ndaki ikili ili\u015fkiler ve bunlar\u0131n iki \u00fclkenin \u00e7\u0131karlar\u0131na hizmet edecek \u015fekilde g\u00fc\u00e7lendirilmesi umutlar\u0131yla ilgili bir grup dosyay\u0131 masaya yat\u0131rd\u0131. Telegram Kanal\u0131m\u0131z\u00a0||X Platformumuz\u00a0||Facebook Sayfam\u0131z<\/p>\n","protected":false},"author":41,"featured_media":308564,"comment_status":"closed","ping_status":"closed","sticky":false,"template":"","format":"standard","meta":{"footnotes":""},"categories":[606,589,605,17988],"tags":[38219,42381],"class_list":["post-308563","post","type-post","status-publish","format-standard","has-post-thumbnail","","category-cumhurbaskani","category-haber-seridi","category-sayin-cumhurbaskani","category-son-haberler","tag-cumhurbaskani-esad","tag-shoiguyla-uluslararasi-ve-bolgesel-guvenlik-ve-ikili-iliskilere-iliskin-dosyalari-gorustu"],"_links":{"self":[{"href":"https:\/\/archive.sana.sy\/tr\/index.php?rest_route=\/wp\/v2\/posts\/308563","targetHints":{"allow":["GET"]}}],"collection":[{"href":"https:\/\/archive.sana.sy\/tr\/index.php?rest_route=\/wp\/v2\/posts"}],"about":[{"href":"https:\/\/archive.sana.sy\/tr\/index.php?rest_route=\/wp\/v2\/types\/post"}],"author":[{"embeddable":true,"href":"https:\/\/archive.sana.sy\/tr\/index.php?rest_route=\/wp\/v2\/users\/41"}],"replies":[{"embeddable":true,"href":"https:\/\/archive.sana.sy\/tr\/index.php?rest_route=%2Fwp%2Fv2%2Fcomments&post=308563"}],"version-history":[{"count":1,"href":"https:\/\/archive.sana.sy\/tr\/index.php?rest_route=\/wp\/v2\/posts\/308563\/revisions"}],"predecessor-version":[{"id":308565,"href":"https:\/\/archive.sana.sy\/tr\/index.php?rest_route=\/wp\/v2\/posts\/308563\/revisions\/308565"}],"wp:featuredmedia":[{"embeddable":true,"href":"https:\/\/archive.sana.sy\/tr\/index.php?rest_route=\/wp\/v2\/media\/308564"}],"wp:attachment":[{"href":"https:\/\/archive.sana.sy\/tr\/index.php?rest_route=%2Fwp%2Fv2%2Fmedia&parent=308563"}],"wp:term":[{"taxonomy":"category","embeddable":true,"href":"https:\/\/archive.sana.sy\/tr\/index.php?rest_route=%2Fwp%2Fv2%2Fcategories&post=308563"},{"taxonomy":"post_tag","embeddable":true,"href":"https:\/\/archive.sana.sy\/tr\/index.php?rest_route=%2Fwp%2Fv2%2Ftags&post=308563"}],"curies":[{"name":"wp","href":"https:\/\/api.w.org\/{rel}","templated":true}]}}