{"id":308569,"date":"2024-09-16T16:41:00","date_gmt":"2024-09-16T13:41:00","guid":{"rendered":"https:\/\/sana.sy\/tr\/?p=308569"},"modified":"2024-09-16T19:01:34","modified_gmt":"2024-09-16T16:01:34","slug":"lavrov-ve-abulati-suriyedeki-krizin-sona-erdirilmesi-icin-rusya-ile-arap-ulkeleri-arasindaki-isbirliginin-surdurulmesinin-onemini-vurguladilar","status":"publish","type":"post","link":"https:\/\/archive.sana.sy\/tr\/?p=308569","title":{"rendered":"Lavrov Ve Abdulati, Suriye&#8217;deki Krizin Sona Erdirilmesi \u0130\u00e7in Rusya \u0130le Arap \u00dclkeleri Aras\u0131ndaki \u0130\u015fbirli\u011finin S\u00fcrd\u00fcr\u00fclmesinin \u00d6nemini Vurgulad\u0131lar"},"content":{"rendered":"<p style=\"text-align: justify;\"><strong>MOSKOVA (SANA) \u2013<\/strong>\u00a0 Rusya D\u0131\u015fi\u015fleri Bakan\u0131 Sergei Lavrov ve M\u0131s\u0131r D\u0131\u015fi\u015fleri Bakan\u0131 Bedir Abdulati, Suriye&#8217;deki krizin sona erdirilmesi i\u00e7in Rusya ile Arap \u00fclkeleri aras\u0131ndaki i\u015fbirli\u011finin ve ortak koordinasyonun, Rusya&#8217;n\u0131n birli\u011fini ve egemenli\u011fini koruyacak ve ter\u00f6rle m\u00fccadele etmesini sa\u011flayacak \u015fekilde s\u00fcrd\u00fcr\u00fclmesinin \u00f6nemini vurgulad\u0131lar.<\/p>\n<p style=\"text-align: justify;\">Lavrov bug\u00fcn Moskova&#8217;da Abdulati ile d\u00fczenledi\u011fi ortak bas\u0131n toplant\u0131s\u0131nda \u015funlar\u0131 s\u00f6yledi: &#8220;M\u0131s\u0131rl\u0131 dostlar\u0131m\u0131z\u0131n Suriye ile siyasi diyalo\u011fun geli\u015ftirilmesi konusundaki tutumunu memnuniyetle kar\u015f\u0131lad\u0131k. Kahire&#8217;nin yap\u0131c\u0131 tutumunun, Suriye&#8217;nin Arap Devletleri Ligi&#8217;ne \u00fcyeli\u011finin yeniden ba\u015flat\u0131lmas\u0131 karar\u0131n\u0131n al\u0131nmas\u0131nda b\u00fcy\u00fck katk\u0131s\u0131 oldu. Suriye ile Arap \u00e7evresi aras\u0131ndaki normal ili\u015fkileri yeniden kurmaya devam etmeyi umuyoruz. \u00a0\u00c7\u00fcnk\u00fc bu sadece oradaki uzun krizin yans\u0131malar\u0131n\u0131n giderilmesine hizmet etmeyecek, ayn\u0131 zamanda t\u00fcm Ortado\u011fu&#8217;da g\u00fcvenlik ve istikrar\u0131n peki\u015ftirilmesi i\u00e7in de b\u00fcy\u00fck f\u0131rsatlar olu\u015fturacakt\u0131r.&#8221;<\/p>\n<p style=\"text-align: justify;\">Buna kar\u015f\u0131l\u0131k Abdulati \u015funlar\u0131 s\u00f6yledi: &#8220;\u0130ki \u00fclkemiz aras\u0131nda ve Rusya ile Arap \u00fclkeleri aras\u0131nda i\u015fbirli\u011finin ve ortak koordinasyonun s\u00fcrd\u00fcr\u00fclmesinin \u00f6nemi \u00fczerinde mutabakata vard\u0131k\u2026 \u00d6zellikle Moskova&#8217;n\u0131n bu dosyadaki \u00f6nemli rol\u00fc ve Suriye&#8217;de y\u0131llard\u0131r var olan krizin birlik ve egemenli\u011fini koruyacak \u015fekilde sona erdirilmesi ve Suriye devlet kurumlar\u0131n\u0131n ter\u00f6rle m\u00fccadele konusunda \u00e7al\u0131\u015fabilmesine y\u00f6nelik \u00e7al\u0131\u015fmalar \u0131\u015f\u0131\u011f\u0131nda, Bunun yolu da 2254 say\u0131l\u0131 G\u00fcvenlik Konseyi karar\u0131n\u0131n uygulanmas\u0131d\u0131r.\u201d<\/p>\n<p style=\"text-align: justify;\">M\u0131s\u0131r D\u0131\u015fi\u015fleri Bakan\u0131 ayr\u0131ca, \u2018\u2019Lavrov&#8217;a bu dosyadaki son geli\u015fmeler hakk\u0131nda bilgi verdim ve Rusya&#8217;n\u0131n dosyadaki son geli\u015fmelere ili\u015fkin a\u00e7\u0131klamas\u0131n\u0131 da dinledim\u2019\u2019 ifadelerini s\u00f6zlerine ekledi.<\/p>\n<p style=\"text-align: center;\"><strong><a href=\"https:\/\/t.me\/SuriyeArapHaberAjansI\">Telegram Kanal\u0131m\u0131z\u00a0<\/a>||<a href=\"https:\/\/twitter.com\/arap_ajans\">X Platformumuz\u00a0<\/a>||<a href=\"https:\/\/www.facebook.com\/SANAHaberAjansi\/\">Facebook Sayfam\u0131z<\/a><\/strong><\/p>\n","protected":false},"excerpt":{"rendered":"<p>MOSKOVA (SANA) \u2013\u00a0 Rusya D\u0131\u015fi\u015fleri Bakan\u0131 Sergei Lavrov ve M\u0131s\u0131r D\u0131\u015fi\u015fleri Bakan\u0131 Bedir Abdulati, Suriye&#8217;deki krizin sona erdirilmesi i\u00e7in Rusya ile Arap \u00fclkeleri aras\u0131ndaki i\u015fbirli\u011finin ve ortak koordinasyonun, Rusya&#8217;n\u0131n birli\u011fini ve egemenli\u011fini koruyacak ve ter\u00f6rle m\u00fccadele etmesini sa\u011flayacak \u015fekilde s\u00fcrd\u00fcr\u00fclmesinin \u00f6nemini vurgulad\u0131lar. Lavrov bug\u00fcn Moskova&#8217;da Abdulati ile d\u00fczenledi\u011fi ortak bas\u0131n toplant\u0131s\u0131nda \u015funlar\u0131 s\u00f6yledi: &#8220;M\u0131s\u0131rl\u0131 dostlar\u0131m\u0131z\u0131n &hellip;<\/p>\n","protected":false},"author":41,"featured_media":308570,"comment_status":"closed","ping_status":"closed","sticky":false,"template":"","format":"standard","meta":{"footnotes":""},"categories":[458,589,459,17988],"tags":[42383,42384],"class_list":["post-308569","post","type-post","status-publish","format-standard","has-post-thumbnail","","category-dunya1","category-haber-seridi","category-haberler-arap-uluslararasi-politika","category-son-haberler","tag-lavrov-ve-abulati","tag-suriyedeki-krizin-sona-erdirilmesi-icin-rusya-ile-arap-ulkeleri-arasindaki-isbirliginin-surdurulmesinin-onemini-vurguladilar"],"_links":{"self":[{"href":"https:\/\/archive.sana.sy\/tr\/index.php?rest_route=\/wp\/v2\/posts\/308569","targetHints":{"allow":["GET"]}}],"collection":[{"href":"https:\/\/archive.sana.sy\/tr\/index.php?rest_route=\/wp\/v2\/posts"}],"about":[{"href":"https:\/\/archive.sana.sy\/tr\/index.php?rest_route=\/wp\/v2\/types\/post"}],"author":[{"embeddable":true,"href":"https:\/\/archive.sana.sy\/tr\/index.php?rest_route=\/wp\/v2\/users\/41"}],"replies":[{"embeddable":true,"href":"https:\/\/archive.sana.sy\/tr\/index.php?rest_route=%2Fwp%2Fv2%2Fcomments&post=308569"}],"version-history":[{"count":2,"href":"https:\/\/archive.sana.sy\/tr\/index.php?rest_route=\/wp\/v2\/posts\/308569\/revisions"}],"predecessor-version":[{"id":308578,"href":"https:\/\/archive.sana.sy\/tr\/index.php?rest_route=\/wp\/v2\/posts\/308569\/revisions\/308578"}],"wp:featuredmedia":[{"embeddable":true,"href":"https:\/\/archive.sana.sy\/tr\/index.php?rest_route=\/wp\/v2\/media\/308570"}],"wp:attachment":[{"href":"https:\/\/archive.sana.sy\/tr\/index.php?rest_route=%2Fwp%2Fv2%2Fmedia&parent=308569"}],"wp:term":[{"taxonomy":"category","embeddable":true,"href":"https:\/\/archive.sana.sy\/tr\/index.php?rest_route=%2Fwp%2Fv2%2Fcategories&post=308569"},{"taxonomy":"post_tag","embeddable":true,"href":"https:\/\/archive.sana.sy\/tr\/index.php?rest_route=%2Fwp%2Fv2%2Ftags&post=308569"}],"curies":[{"name":"wp","href":"https:\/\/api.w.org\/{rel}","templated":true}]}}