{"id":308587,"date":"2024-09-17T15:27:30","date_gmt":"2024-09-17T12:27:30","guid":{"rendered":"https:\/\/sana.sy\/tr\/?p=308587"},"modified":"2024-09-24T14:42:30","modified_gmt":"2024-09-24T11:42:30","slug":"isgalin-gazze-seridinde-son-24-saatte-gerceklestirdigi-katliamlar-sonucu-26-sehit","status":"publish","type":"post","link":"https:\/\/archive.sana.sy\/tr\/?p=308587","title":{"rendered":"\u0130\u015fgalin Gazze \u015eeridi&#8217;nde son 24 Saatte Ger\u00e7ekle\u015ftirdi\u011fi katliamlar Sonucu 26 \u015eehit"},"content":{"rendered":"<p style=\"text-align: justify;\"><strong>\u0130\u015eGAL ED\u0130LEN KUD\u00dcS (SANA) &#8211;<\/strong> Filistin Sa\u011fl\u0131k Bakanl\u0131\u011f\u0131, i\u015fgalci \u0130srail\u2019in Gazze \u015eeridi&#8217;nde son 24 saatte 3 katliam ger\u00e7ekle\u015ftirdi\u011fini, bunlar\u0131n 26&#8217;s\u0131n\u0131n \u015fehit, 84&#8217;\u00fcn\u00fcn yaral\u0131 olarak hastanelere ula\u015ft\u0131\u011f\u0131n\u0131 duyurdu.<\/p>\n<p style=\"text-align: justify;\">Bakanl\u0131k bug\u00fcn yapt\u0131\u011f\u0131 a\u00e7\u0131klamada \u015funlar\u0131 s\u00f6yledi: &#8220;Gazze \u015eeridi&#8217;nde 347. g\u00fcn\u00fcnde devam eden i\u015fgal sald\u0131rganl\u0131\u011f\u0131nda ma\u011fdurlar\u0131n say\u0131s\u0131 41 bin 252 \u015fehit ve 95 bin 497 yaral\u0131ya y\u00fckseldi. \u00c7ok say\u0131da ma\u011fdur halen enkaz alt\u0131nda ve yollarda iken, ambulans ve sivil savunma ekipleri onlara ula\u015fam\u0131yor.\u201d<\/p>\n<p style=\"text-align: justify;\">Bakanl\u0131k ayr\u0131ca, devam eden sald\u0131r\u0131lar nedeniyle sa\u011fl\u0131k sekt\u00f6r\u00fcn\u00fcn b\u00fcy\u00fck k\u0131sm\u0131n\u0131n hizmet d\u0131\u015f\u0131 kald\u0131\u011f\u0131n\u0131, bunun da yaral\u0131 ve hastalar\u0131n her g\u00fcn \u00f6l\u00fcmle kar\u015f\u0131 kar\u015f\u0131ya kalmas\u0131na yol a\u00e7t\u0131\u011f\u0131n\u0131 belirtirken, do\u011frudan i\u015f\u00e7ilere y\u00f6nelik suikastlar\u0131n yan\u0131 s\u0131ra, sa\u011fl\u0131k \u00e7al\u0131\u015fanlar\u0131n\u0131n da i\u015fgal g\u00f6zalt\u0131 merkezlerinde onlarca sa\u011fl\u0131k sekt\u00f6r\u00fc \u00e7al\u0131\u015fan\u0131n\u0131n \u015fehit olmas\u0131na yol a\u00e7an bir tutuklama kampanyas\u0131na maruz kald\u0131\u011f\u0131na dikkat \u00e7ekti. \u00a0Sald\u0131rganl\u0131\u011f\u0131n ba\u015flad\u0131\u011f\u0131 g\u00fcnden bu yana 1.151 sa\u011fl\u0131k personelinin \u015fehit olmas\u0131yla sonu\u00e7land\u0131.<\/p>\n<p style=\"text-align: center;\"><strong><a href=\"https:\/\/t.me\/SuriyeArapHaberAjansI\">Telegram Kanal\u0131m\u0131z\u00a0<\/a>||<a href=\"https:\/\/twitter.com\/arap_ajans\">X Platformumuz\u00a0<\/a>||<a href=\"https:\/\/www.facebook.com\/SANAHaberAjansi\/\">Facebook Sayfam\u0131z<\/a><\/strong><\/p>\n","protected":false},"excerpt":{"rendered":"<p>\u0130\u015eGAL ED\u0130LEN KUD\u00dcS (SANA) &#8211; Filistin Sa\u011fl\u0131k Bakanl\u0131\u011f\u0131, i\u015fgalci \u0130srail\u2019in Gazze \u015eeridi&#8217;nde son 24 saatte 3 katliam ger\u00e7ekle\u015ftirdi\u011fini, bunlar\u0131n 26&#8217;s\u0131n\u0131n \u015fehit, 84&#8217;\u00fcn\u00fcn yaral\u0131 olarak hastanelere ula\u015ft\u0131\u011f\u0131n\u0131 duyurdu. Bakanl\u0131k bug\u00fcn yapt\u0131\u011f\u0131 a\u00e7\u0131klamada \u015funlar\u0131 s\u00f6yledi: &#8220;Gazze \u015eeridi&#8217;nde 347. g\u00fcn\u00fcnde devam eden i\u015fgal sald\u0131rganl\u0131\u011f\u0131nda ma\u011fdurlar\u0131n say\u0131s\u0131 41 bin 252 \u015fehit ve 95 bin 497 yaral\u0131ya y\u00fckseldi. \u00c7ok say\u0131da &hellip;<\/p>\n","protected":false},"author":41,"featured_media":308591,"comment_status":"closed","ping_status":"closed","sticky":false,"template":"","format":"standard","meta":{"footnotes":""},"categories":[458,459,17988],"tags":[],"class_list":["post-308587","post","type-post","status-publish","format-standard","has-post-thumbnail","","category-dunya1","category-haberler-arap-uluslararasi-politika","category-son-haberler"],"_links":{"self":[{"href":"https:\/\/archive.sana.sy\/tr\/index.php?rest_route=\/wp\/v2\/posts\/308587","targetHints":{"allow":["GET"]}}],"collection":[{"href":"https:\/\/archive.sana.sy\/tr\/index.php?rest_route=\/wp\/v2\/posts"}],"about":[{"href":"https:\/\/archive.sana.sy\/tr\/index.php?rest_route=\/wp\/v2\/types\/post"}],"author":[{"embeddable":true,"href":"https:\/\/archive.sana.sy\/tr\/index.php?rest_route=\/wp\/v2\/users\/41"}],"replies":[{"embeddable":true,"href":"https:\/\/archive.sana.sy\/tr\/index.php?rest_route=%2Fwp%2Fv2%2Fcomments&post=308587"}],"version-history":[{"count":1,"href":"https:\/\/archive.sana.sy\/tr\/index.php?rest_route=\/wp\/v2\/posts\/308587\/revisions"}],"predecessor-version":[{"id":308592,"href":"https:\/\/archive.sana.sy\/tr\/index.php?rest_route=\/wp\/v2\/posts\/308587\/revisions\/308592"}],"wp:featuredmedia":[{"embeddable":true,"href":"https:\/\/archive.sana.sy\/tr\/index.php?rest_route=\/wp\/v2\/media\/308591"}],"wp:attachment":[{"href":"https:\/\/archive.sana.sy\/tr\/index.php?rest_route=%2Fwp%2Fv2%2Fmedia&parent=308587"}],"wp:term":[{"taxonomy":"category","embeddable":true,"href":"https:\/\/archive.sana.sy\/tr\/index.php?rest_route=%2Fwp%2Fv2%2Fcategories&post=308587"},{"taxonomy":"post_tag","embeddable":true,"href":"https:\/\/archive.sana.sy\/tr\/index.php?rest_route=%2Fwp%2Fv2%2Ftags&post=308587"}],"curies":[{"name":"wp","href":"https:\/\/api.w.org\/{rel}","templated":true}]}}