{"id":308593,"date":"2024-09-17T15:29:57","date_gmt":"2024-09-17T12:29:57","guid":{"rendered":"https:\/\/sana.sy\/tr\/?p=308593"},"modified":"2024-09-24T14:42:44","modified_gmt":"2024-09-24T11:42:44","slug":"lubnan-direnisi-el-abad-ve-el-manara-yerlesimindeki-dusman-israili-hedef-aldi","status":"publish","type":"post","link":"https:\/\/archive.sana.sy\/tr\/?p=308593","title":{"rendered":"L\u00fcbnan Direni\u015fi, &#8220;El Abad&#8221; Ve &#8220;El Manara&#8221; Yerle\u015fimindeki D\u00fc\u015fman \u0130srail\u2019i Hedef Ald\u0131"},"content":{"rendered":"<p style=\"text-align: justify;\"><strong>BEYRUT (SANA)<\/strong> &#8211;\u00a0 Bu sabah L\u00fcbnan Ulusal Direni\u015fi iki \u0130srail d\u00fc\u015fman mevzisini hedef alarak do\u011frudan isabet elde etti.<\/p>\n<p style=\"text-align: justify;\">Direni\u015f a\u00e7\u0131klamas\u0131nda \u015fu ifadelere yer verildi: &#8220;Gazze \u015eeridi&#8217;ndeki kararl\u0131 Filistin halk\u0131m\u0131za ve cesur direni\u015fine destek olarak, El Abad sahas\u0131ndaki \u0130srail d\u00fc\u015fman kuvvetlerini g\u00f6zlemleyip takip ettikten sonra ve saha civar\u0131ndaki bir grup askerinin hareketini g\u00f6zlemledikten sonra sava\u015f\u00e7\u0131lar\u0131m\u0131z onlar\u0131 uygun silahlarla hedef ald\u0131 ve do\u011frulanm\u0131\u015f kay\u0131plar\u0131 verdirdi.&#8221;<\/p>\n<p style=\"text-align: justify;\">Direni\u015f ikinci a\u00e7\u0131klamas\u0131nda ayr\u0131ca, &#8220;El Manara&#8221; yerle\u015fiminde d\u00fc\u015fman askerlerinin kulland\u0131\u011f\u0131 binalar\u0131 uygun silahlarla hedef ald\u0131\u011f\u0131n\u0131, \u0130srail&#8217;in g\u00fcneydeki kararl\u0131 k\u00f6ylere ve g\u00fcvenli evlere y\u00f6nelik sald\u0131r\u0131lar\u0131na kar\u015f\u0131l\u0131k do\u011frudan isabet elde etti\u011fini duyurdu.<\/p>\n<p style=\"text-align: center;\"><strong><a href=\"https:\/\/t.me\/SuriyeArapHaberAjansI\">Telegram Kanal\u0131m\u0131z\u00a0<\/a>||<a href=\"https:\/\/twitter.com\/arap_ajans\">X Platformumuz\u00a0<\/a>||<a href=\"https:\/\/www.facebook.com\/SANAHaberAjansi\/\">Facebook Sayfam\u0131z<\/a><\/strong><\/p>\n","protected":false},"excerpt":{"rendered":"<p>BEYRUT (SANA) &#8211;\u00a0 Bu sabah L\u00fcbnan Ulusal Direni\u015fi iki \u0130srail d\u00fc\u015fman mevzisini hedef alarak do\u011frudan isabet elde etti. Direni\u015f a\u00e7\u0131klamas\u0131nda \u015fu ifadelere yer verildi: &#8220;Gazze \u015eeridi&#8217;ndeki kararl\u0131 Filistin halk\u0131m\u0131za ve cesur direni\u015fine destek olarak, El Abad sahas\u0131ndaki \u0130srail d\u00fc\u015fman kuvvetlerini g\u00f6zlemleyip takip ettikten sonra ve saha civar\u0131ndaki bir grup askerinin hareketini g\u00f6zlemledikten sonra sava\u015f\u00e7\u0131lar\u0131m\u0131z onlar\u0131 &hellip;<\/p>\n","protected":false},"author":41,"featured_media":308594,"comment_status":"closed","ping_status":"closed","sticky":false,"template":"","format":"standard","meta":{"footnotes":""},"categories":[458,459,17988],"tags":[42389,31415],"class_list":["post-308593","post","type-post","status-publish","format-standard","has-post-thumbnail","","category-dunya1","category-haberler-arap-uluslararasi-politika","category-son-haberler","tag-el-abad-ve-el-manara-yerlesimindeki-dusman-israili-hedef-aldi","tag-lubnan-direnisi"],"_links":{"self":[{"href":"https:\/\/archive.sana.sy\/tr\/index.php?rest_route=\/wp\/v2\/posts\/308593","targetHints":{"allow":["GET"]}}],"collection":[{"href":"https:\/\/archive.sana.sy\/tr\/index.php?rest_route=\/wp\/v2\/posts"}],"about":[{"href":"https:\/\/archive.sana.sy\/tr\/index.php?rest_route=\/wp\/v2\/types\/post"}],"author":[{"embeddable":true,"href":"https:\/\/archive.sana.sy\/tr\/index.php?rest_route=\/wp\/v2\/users\/41"}],"replies":[{"embeddable":true,"href":"https:\/\/archive.sana.sy\/tr\/index.php?rest_route=%2Fwp%2Fv2%2Fcomments&post=308593"}],"version-history":[{"count":2,"href":"https:\/\/archive.sana.sy\/tr\/index.php?rest_route=\/wp\/v2\/posts\/308593\/revisions"}],"predecessor-version":[{"id":308620,"href":"https:\/\/archive.sana.sy\/tr\/index.php?rest_route=\/wp\/v2\/posts\/308593\/revisions\/308620"}],"wp:featuredmedia":[{"embeddable":true,"href":"https:\/\/archive.sana.sy\/tr\/index.php?rest_route=\/wp\/v2\/media\/308594"}],"wp:attachment":[{"href":"https:\/\/archive.sana.sy\/tr\/index.php?rest_route=%2Fwp%2Fv2%2Fmedia&parent=308593"}],"wp:term":[{"taxonomy":"category","embeddable":true,"href":"https:\/\/archive.sana.sy\/tr\/index.php?rest_route=%2Fwp%2Fv2%2Fcategories&post=308593"},{"taxonomy":"post_tag","embeddable":true,"href":"https:\/\/archive.sana.sy\/tr\/index.php?rest_route=%2Fwp%2Fv2%2Ftags&post=308593"}],"curies":[{"name":"wp","href":"https:\/\/api.w.org\/{rel}","templated":true}]}}