{"id":308600,"date":"2024-09-17T10:56:04","date_gmt":"2024-09-17T07:56:04","guid":{"rendered":"https:\/\/sana.sy\/tr\/?p=308600"},"modified":"2024-09-24T14:42:16","modified_gmt":"2024-09-24T11:42:16","slug":"guterres-gazze-seridindeki-acilarin-boyutu-hayal-bile-edilemez","status":"publish","type":"post","link":"https:\/\/archive.sana.sy\/tr\/?p=308600","title":{"rendered":"Guterres: Gazze \u015eeridi&#8217;ndeki Ac\u0131lar\u0131n Boyutu Hayal Bile Edilemez"},"content":{"rendered":"<p style=\"text-align: justify;\"><strong>NEW YORK (SANA<\/strong>)- Birle\u015fmi\u015f Milletler Genel Sekreteri Antonio Guterres, \u0130srail i\u015fgal otoritelerinin Gazze \u015eeridi&#8217;ndeki Filistinlilere kar\u015f\u0131 i\u015fledi\u011fi toplu cezaland\u0131rma su\u00e7lar\u0131n\u0131 hi\u00e7bir \u015feyin hakl\u0131 \u00e7\u0131karamayaca\u011f\u0131n\u0131 vurgulad\u0131.<\/p>\n<p style=\"text-align: justify;\">\u0130srail&#8217;in Gazze \u015eeridi&#8217;ne y\u00f6nelik sald\u0131rganl\u0131\u011f\u0131n\u0131 yorumlayan Guterres, Agence France-Presse&#8217;ye verdi\u011fi r\u00f6portajda \u015funlar\u0131 s\u00f6yledi: &#8220;Bu hayal bile edilemez. Gazze&#8217;deki ac\u0131n\u0131n d\u00fczeyi, \u00f6l\u00fcm ve y\u0131k\u0131m\u0131n d\u00fczeyi, 2017&#8217;de Genel Sekreter oldu\u011fumdan bu yana tan\u0131k oldu\u011fum hi\u00e7bir \u015feyle kar\u015f\u0131la\u015ft\u0131r\u0131lamaz.&#8221;<\/p>\n<p style=\"text-align: justify;\">Ku\u015fatma alt\u0131ndaki sekt\u00f6r\u00fcn tan\u0131k oldu\u011fu y\u0131k\u0131m\u0131, a\u00e7l\u0131\u011f\u0131 ve hastal\u0131klar\u0131 anlat\u0131rken,\u00a0 Guterres, &#8220;Ger\u00e7ek \u015fu ki, hi\u00e7bir \u015fey Filistin halk\u0131n\u0131n kolektif olarak cezaland\u0131r\u0131lmas\u0131n\u0131 hakl\u0131 \u00e7\u0131karmaz ve Gazze&#8217;de dramatik bir \u015fekilde tan\u0131k oldu\u011fumuz \u015fey de budur&#8221; ifadelerini kulland\u0131.<\/p>\n<p style=\"text-align: justify;\">\u0130srail taraf\u0131ndan ger\u00e7ekle\u015ftirilen yayg\u0131n ihlallere dikkat \u00e7ekerek, derhal ate\u015fkes \u00e7a\u011fr\u0131s\u0131n\u0131 yineleyen Guterres, \u0130srail yetkililerinin sahada \u00e7e\u015fitli tedbirler uygulayarak Filistin devletinin kurulmas\u0131n\u0131 da i\u00e7eren bir \u00e7\u00f6z\u00fcm\u00fc s\u00fcrekli olarak reddetmesini ele\u015ftirdi.<\/p>\n<p style=\"text-align: justify;\">Guterres ayr\u0131ca \u015fu ifadeleri kulland\u0131: &#8220;Topraklar\u0131n ilhak edilmesi, s\u00fcrekli tahliyeler ve yeni yerle\u015fim yerlerinin in\u015fas\u0131&#8230; bunlar\u0131n hepsi yasa d\u0131\u015f\u0131&#8230; ve Uluslararas\u0131 Adalet Divan\u0131&#8217;n\u0131n g\u00f6r\u00fc\u015f\u00fcne g\u00f6re art\u0131k kendisi de yasa d\u0131\u015f\u0131.&#8221;<\/p>\n<p style=\"text-align: center;\"><strong><a href=\"https:\/\/t.me\/SuriyeArapHaberAjansI\">Telegram Kanal\u0131m\u0131z\u00a0<\/a>||<a href=\"https:\/\/twitter.com\/arap_ajans\">X Platformumuz\u00a0<\/a>||<a href=\"https:\/\/www.facebook.com\/SANAHaberAjansi\/\">Facebook Sayfam\u0131z<\/a><\/strong><\/p>\n","protected":false},"excerpt":{"rendered":"<p>NEW YORK (SANA)- Birle\u015fmi\u015f Milletler Genel Sekreteri Antonio Guterres, \u0130srail i\u015fgal otoritelerinin Gazze \u015eeridi&#8217;ndeki Filistinlilere kar\u015f\u0131 i\u015fledi\u011fi toplu cezaland\u0131rma su\u00e7lar\u0131n\u0131 hi\u00e7bir \u015feyin hakl\u0131 \u00e7\u0131karamayaca\u011f\u0131n\u0131 vurgulad\u0131. \u0130srail&#8217;in Gazze \u015eeridi&#8217;ne y\u00f6nelik sald\u0131rganl\u0131\u011f\u0131n\u0131 yorumlayan Guterres, Agence France-Presse&#8217;ye verdi\u011fi r\u00f6portajda \u015funlar\u0131 s\u00f6yledi: &#8220;Bu hayal bile edilemez. Gazze&#8217;deki ac\u0131n\u0131n d\u00fczeyi, \u00f6l\u00fcm ve y\u0131k\u0131m\u0131n d\u00fczeyi, 2017&#8217;de Genel Sekreter oldu\u011fumdan bu yana &hellip;<\/p>\n","protected":false},"author":41,"featured_media":308601,"comment_status":"closed","ping_status":"closed","sticky":false,"template":"","format":"standard","meta":{"footnotes":""},"categories":[458,459,17988],"tags":[42394],"class_list":["post-308600","post","type-post","status-publish","format-standard","has-post-thumbnail","","category-dunya1","category-haberler-arap-uluslararasi-politika","category-son-haberler","tag-guterres-gazze-seridindeki-acilarin-boyutu-hayal-bile-edilemez"],"_links":{"self":[{"href":"https:\/\/archive.sana.sy\/tr\/index.php?rest_route=\/wp\/v2\/posts\/308600","targetHints":{"allow":["GET"]}}],"collection":[{"href":"https:\/\/archive.sana.sy\/tr\/index.php?rest_route=\/wp\/v2\/posts"}],"about":[{"href":"https:\/\/archive.sana.sy\/tr\/index.php?rest_route=\/wp\/v2\/types\/post"}],"author":[{"embeddable":true,"href":"https:\/\/archive.sana.sy\/tr\/index.php?rest_route=\/wp\/v2\/users\/41"}],"replies":[{"embeddable":true,"href":"https:\/\/archive.sana.sy\/tr\/index.php?rest_route=%2Fwp%2Fv2%2Fcomments&post=308600"}],"version-history":[{"count":1,"href":"https:\/\/archive.sana.sy\/tr\/index.php?rest_route=\/wp\/v2\/posts\/308600\/revisions"}],"predecessor-version":[{"id":308602,"href":"https:\/\/archive.sana.sy\/tr\/index.php?rest_route=\/wp\/v2\/posts\/308600\/revisions\/308602"}],"wp:featuredmedia":[{"embeddable":true,"href":"https:\/\/archive.sana.sy\/tr\/index.php?rest_route=\/wp\/v2\/media\/308601"}],"wp:attachment":[{"href":"https:\/\/archive.sana.sy\/tr\/index.php?rest_route=%2Fwp%2Fv2%2Fmedia&parent=308600"}],"wp:term":[{"taxonomy":"category","embeddable":true,"href":"https:\/\/archive.sana.sy\/tr\/index.php?rest_route=%2Fwp%2Fv2%2Fcategories&post=308600"},{"taxonomy":"post_tag","embeddable":true,"href":"https:\/\/archive.sana.sy\/tr\/index.php?rest_route=%2Fwp%2Fv2%2Ftags&post=308600"}],"curies":[{"name":"wp","href":"https:\/\/api.w.org\/{rel}","templated":true}]}}