{"id":308605,"date":"2024-09-17T05:08:51","date_gmt":"2024-09-17T02:08:51","guid":{"rendered":"https:\/\/sana.sy\/tr\/?p=308605"},"modified":"2024-09-17T16:14:05","modified_gmt":"2024-09-17T13:14:05","slug":"fransa-parlamentosu-macronun-gorevden-alinmasina-iliskin-oneriyi-degerlendirmeyi-kabul-etti","status":"publish","type":"post","link":"https:\/\/archive.sana.sy\/tr\/?p=308605","title":{"rendered":"Fransa Parlamentosu Macron&#8217;un G\u00f6revden Al\u0131nmas\u0131na \u0130li\u015fkin \u00d6neriyi De\u011ferlendirmeyi Kabul Etti"},"content":{"rendered":"<p style=\"text-align: justify;\"><strong>PAR\u0130S (SANA) &#8211;<\/strong>\u00a0 Fransa Parlamentosu&#8217;ndaki Ulusal Meclis ofisi, kurulmakta olan h\u00fck\u00fcmete kat\u0131l\u0131m konusunda anla\u015fmazl\u0131klar oldu\u011fu bir ortamda, Devlet Ba\u015fkan\u0131 Emmanuel Macron&#8217;a y\u00f6nelik g\u00f6revden alma i\u015flemlerinin ba\u015flat\u0131lmas\u0131na y\u00f6nelik bir karar tasla\u011f\u0131n\u0131 onaylad\u0131.<\/p>\n<p style=\"text-align: justify;\">Sputnik, Frans\u0131z medyas\u0131n\u0131n \u015fu s\u00f6zlerini aktard\u0131: \u2018\u2019Teklif, Fransa Anayasas\u0131&#8217;n\u0131n, devlet ba\u015fkan\u0131n\u0131n g\u00f6revlerini ihlal etmesi halinde g\u00f6revden al\u0131nabilece\u011fini \u00f6ng\u00f6ren 68. maddesi uyar\u0131nca ileri s\u00fcr\u00fcld\u00fc.\u2019\u2019<\/p>\n<p style=\"text-align: justify;\">Karar, sol g\u00f6r\u00fc\u015fl\u00fc &#8220;Yeni Halk Cephesi&#8221; blo\u011fundan 81 milletvekilinin yan\u0131 s\u0131ra &#8220;\u0130nat\u00e7\u0131 Fransa&#8221; partisinden 72 milletvekilinin yan\u0131 s\u0131ra Ye\u015filler Partisi ve \u00e7ok say\u0131da milletvekili taraf\u0131ndan da desteklendi. Bu karar i\u00e7in 73 temsilciden olu\u015fan yasama komitesinin onay\u0131 gerekiyor.<\/p>\n<p style=\"text-align: center;\"><strong><a href=\"https:\/\/t.me\/SuriyeArapHaberAjansI\">Telegram Kanal\u0131m\u0131z\u00a0<\/a>||<a href=\"https:\/\/twitter.com\/arap_ajans\">X Platformumuz\u00a0<\/a>||<a href=\"https:\/\/www.facebook.com\/SANAHaberAjansi\/\">Facebook Sayfam\u0131z<\/a><\/strong><\/p>\n","protected":false},"excerpt":{"rendered":"<p>PAR\u0130S (SANA) &#8211;\u00a0 Fransa Parlamentosu&#8217;ndaki Ulusal Meclis ofisi, kurulmakta olan h\u00fck\u00fcmete kat\u0131l\u0131m konusunda anla\u015fmazl\u0131klar oldu\u011fu bir ortamda, Devlet Ba\u015fkan\u0131 Emmanuel Macron&#8217;a y\u00f6nelik g\u00f6revden alma i\u015flemlerinin ba\u015flat\u0131lmas\u0131na y\u00f6nelik bir karar tasla\u011f\u0131n\u0131 onaylad\u0131. Sputnik, Frans\u0131z medyas\u0131n\u0131n \u015fu s\u00f6zlerini aktard\u0131: \u2018\u2019Teklif, Fransa Anayasas\u0131&#8217;n\u0131n, devlet ba\u015fkan\u0131n\u0131n g\u00f6revlerini ihlal etmesi halinde g\u00f6revden al\u0131nabilece\u011fini \u00f6ng\u00f6ren 68. maddesi uyar\u0131nca ileri s\u00fcr\u00fcld\u00fc.\u2019\u2019 Karar, &hellip;<\/p>\n","protected":false},"author":41,"featured_media":0,"comment_status":"closed","ping_status":"closed","sticky":false,"template":"","format":"standard","meta":{"footnotes":""},"categories":[458,589,459,17988],"tags":[42395],"class_list":["post-308605","post","type-post","status-publish","format-standard","","category-dunya1","category-haber-seridi","category-haberler-arap-uluslararasi-politika","category-son-haberler","tag-fransa-parlamentosu-macronun-gorevden-alinmasina-iliskin-oneriyi-degerlendirmeyi-kabul-etti"],"_links":{"self":[{"href":"https:\/\/archive.sana.sy\/tr\/index.php?rest_route=\/wp\/v2\/posts\/308605","targetHints":{"allow":["GET"]}}],"collection":[{"href":"https:\/\/archive.sana.sy\/tr\/index.php?rest_route=\/wp\/v2\/posts"}],"about":[{"href":"https:\/\/archive.sana.sy\/tr\/index.php?rest_route=\/wp\/v2\/types\/post"}],"author":[{"embeddable":true,"href":"https:\/\/archive.sana.sy\/tr\/index.php?rest_route=\/wp\/v2\/users\/41"}],"replies":[{"embeddable":true,"href":"https:\/\/archive.sana.sy\/tr\/index.php?rest_route=%2Fwp%2Fv2%2Fcomments&post=308605"}],"version-history":[{"count":1,"href":"https:\/\/archive.sana.sy\/tr\/index.php?rest_route=\/wp\/v2\/posts\/308605\/revisions"}],"predecessor-version":[{"id":308607,"href":"https:\/\/archive.sana.sy\/tr\/index.php?rest_route=\/wp\/v2\/posts\/308605\/revisions\/308607"}],"wp:attachment":[{"href":"https:\/\/archive.sana.sy\/tr\/index.php?rest_route=%2Fwp%2Fv2%2Fmedia&parent=308605"}],"wp:term":[{"taxonomy":"category","embeddable":true,"href":"https:\/\/archive.sana.sy\/tr\/index.php?rest_route=%2Fwp%2Fv2%2Fcategories&post=308605"},{"taxonomy":"post_tag","embeddable":true,"href":"https:\/\/archive.sana.sy\/tr\/index.php?rest_route=%2Fwp%2Fv2%2Ftags&post=308605"}],"curies":[{"name":"wp","href":"https:\/\/api.w.org\/{rel}","templated":true}]}}