{"id":308608,"date":"2024-09-17T11:55:17","date_gmt":"2024-09-17T08:55:17","guid":{"rendered":"https:\/\/sana.sy\/tr\/?p=308608"},"modified":"2024-09-24T14:42:30","modified_gmt":"2024-09-24T11:42:30","slug":"rus-gucleri-kursk-eyaletindeki-bolgeleri-temizlemeye-devam-ediyor","status":"publish","type":"post","link":"https:\/\/archive.sana.sy\/tr\/?p=308608","title":{"rendered":"Rus G\u00fc\u00e7leri Kursk Eyaletindeki B\u00f6lgeleri Temizlemeye Devam Ediyor"},"content":{"rendered":"<p style=\"text-align: justify;\"><strong>MOSKOVA (SANA) &#8211;<\/strong>\u00a0 Rusya Savunma Bakanl\u0131\u011f\u0131 bug\u00fcn yapt\u0131\u011f\u0131 a\u00e7\u0131klamada, g\u00fc\u00e7lerinin ilerleyi\u015fini s\u00fcrd\u00fcrd\u00fc\u011f\u00fcn\u00fc ve \u00fclkenin g\u00fcneybat\u0131s\u0131ndaki Kursk vilayetindeki b\u00f6lgeleri temizleyerek Kiev rejim g\u00fc\u00e7lerine a\u011f\u0131r kay\u0131plar verdi\u011fini duyurdu.<\/p>\n<p style=\"text-align: justify;\">Bakanl\u0131k a\u00e7\u0131klamas\u0131nda, &#8220;Rus g\u00fc\u00e7leri, Kiev rejim g\u00fc\u00e7lerinin son g\u00fcn i\u00e7inde Kursk Eyaleti&#8217;nin Veseloy ve Medvezhi kasabalar\u0131nda \u00fclke s\u0131n\u0131rlar\u0131na girmeye y\u00f6nelik 5 sald\u0131r\u0131 giri\u015fimini p\u00fcsk\u00fcrtt\u00fc&#8221;, diyerek, bu g\u00fc\u00e7lerin son 24 saatte Kursk ekseninde verdi\u011fi kay\u0131plar\u0131n ise yakla\u015f\u0131k 400 asker ve 4&#8217;\u00fc tank olmak \u00fczere 19 z\u0131rhl\u0131 ara\u00e7tan olu\u015ftu\u011funu kaydetti.<\/p>\n<p style=\"text-align: justify;\">Kiev rejim g\u00fc\u00e7lerinin ge\u00e7en A\u011fustos ay\u0131nda Kursk eksenine s\u0131zmas\u0131ndan bu yana toplam kay\u0131plar\u0131 14 bin 200&#8217;den fazla asker ve 119 tanka ula\u015ft\u0131.<\/p>\n<p style=\"text-align: center;\"><strong><a href=\"https:\/\/t.me\/SuriyeArapHaberAjansI\">Telegram Kanal\u0131m\u0131z\u00a0<\/a>||<a href=\"https:\/\/twitter.com\/arap_ajans\">X Platformumuz\u00a0<\/a>||<a href=\"https:\/\/www.facebook.com\/SANAHaberAjansi\/\">Facebook Sayfam\u0131z<\/a><\/strong><\/p>\n","protected":false},"excerpt":{"rendered":"<p>MOSKOVA (SANA) &#8211;\u00a0 Rusya Savunma Bakanl\u0131\u011f\u0131 bug\u00fcn yapt\u0131\u011f\u0131 a\u00e7\u0131klamada, g\u00fc\u00e7lerinin ilerleyi\u015fini s\u00fcrd\u00fcrd\u00fc\u011f\u00fcn\u00fc ve \u00fclkenin g\u00fcneybat\u0131s\u0131ndaki Kursk vilayetindeki b\u00f6lgeleri temizleyerek Kiev rejim g\u00fc\u00e7lerine a\u011f\u0131r kay\u0131plar verdi\u011fini duyurdu. Bakanl\u0131k a\u00e7\u0131klamas\u0131nda, &#8220;Rus g\u00fc\u00e7leri, Kiev rejim g\u00fc\u00e7lerinin son g\u00fcn i\u00e7inde Kursk Eyaleti&#8217;nin Veseloy ve Medvezhi kasabalar\u0131nda \u00fclke s\u0131n\u0131rlar\u0131na girmeye y\u00f6nelik 5 sald\u0131r\u0131 giri\u015fimini p\u00fcsk\u00fcrtt\u00fc&#8221;, diyerek, bu g\u00fc\u00e7lerin son 24 &hellip;<\/p>\n","protected":false},"author":41,"featured_media":308609,"comment_status":"closed","ping_status":"closed","sticky":false,"template":"","format":"standard","meta":{"footnotes":""},"categories":[458,459,17988],"tags":[42396,39553],"class_list":["post-308608","post","type-post","status-publish","format-standard","has-post-thumbnail","","category-dunya1","category-haberler-arap-uluslararasi-politika","category-son-haberler","tag-rus-gucleri-kursk-eyaletindeki-bolgeleri-temizlemeye-devam-ediyor","tag-rusyada-son-gelimeler"],"_links":{"self":[{"href":"https:\/\/archive.sana.sy\/tr\/index.php?rest_route=\/wp\/v2\/posts\/308608","targetHints":{"allow":["GET"]}}],"collection":[{"href":"https:\/\/archive.sana.sy\/tr\/index.php?rest_route=\/wp\/v2\/posts"}],"about":[{"href":"https:\/\/archive.sana.sy\/tr\/index.php?rest_route=\/wp\/v2\/types\/post"}],"author":[{"embeddable":true,"href":"https:\/\/archive.sana.sy\/tr\/index.php?rest_route=\/wp\/v2\/users\/41"}],"replies":[{"embeddable":true,"href":"https:\/\/archive.sana.sy\/tr\/index.php?rest_route=%2Fwp%2Fv2%2Fcomments&post=308608"}],"version-history":[{"count":1,"href":"https:\/\/archive.sana.sy\/tr\/index.php?rest_route=\/wp\/v2\/posts\/308608\/revisions"}],"predecessor-version":[{"id":308610,"href":"https:\/\/archive.sana.sy\/tr\/index.php?rest_route=\/wp\/v2\/posts\/308608\/revisions\/308610"}],"wp:featuredmedia":[{"embeddable":true,"href":"https:\/\/archive.sana.sy\/tr\/index.php?rest_route=\/wp\/v2\/media\/308609"}],"wp:attachment":[{"href":"https:\/\/archive.sana.sy\/tr\/index.php?rest_route=%2Fwp%2Fv2%2Fmedia&parent=308608"}],"wp:term":[{"taxonomy":"category","embeddable":true,"href":"https:\/\/archive.sana.sy\/tr\/index.php?rest_route=%2Fwp%2Fv2%2Fcategories&post=308608"},{"taxonomy":"post_tag","embeddable":true,"href":"https:\/\/archive.sana.sy\/tr\/index.php?rest_route=%2Fwp%2Fv2%2Ftags&post=308608"}],"curies":[{"name":"wp","href":"https:\/\/api.w.org\/{rel}","templated":true}]}}