{"id":30861,"date":"2015-04-25T12:58:35","date_gmt":"2015-04-25T09:58:35","guid":{"rendered":"http:\/\/www.sana.sy\/tr\/?p=30861"},"modified":"2015-04-25T12:58:35","modified_gmt":"2015-04-25T09:58:35","slug":"tum-taraflara-davet-gonderildi","status":"publish","type":"post","link":"https:\/\/archive.sana.sy\/tr\/?p=30861","title":{"rendered":"T\u00fcm Taraflara Davet G\u00f6nderildi"},"content":{"rendered":"<p>CENEVRE \u2013 BM s\u00f6zc\u00fcs\u00fc Ahmet Fevzi; BM genel sekreterinin Suriye \u00f6zel Temsilcisi Stafan de Mistura\u2019n\u0131n 4 May\u0131s tarihinde Cenevre&#8217;de ayr\u0131 ayr\u0131 temaslar\u0131n yap\u0131lmas\u0131 amac\u0131yla Suriye&#8217;deki krizin t\u00fcm taraflar\u0131na davet g\u00f6nderdi\u011fini a\u00e7\u0131klad\u0131.<\/p>\n<p>Reuters Ajans\u0131n\u0131n aktard\u0131\u011f\u0131 bas\u0131n a\u00e7\u0131klamalar\u0131nda Fevzi; de Mistura\u2019n\u0131n Suriye h\u00fck\u00fcmeti ve muhalif gruplara davet g\u00f6nderdi\u011fini aktar\u0131rken d\u00f6rt ila alt\u0131 haftal\u0131k s\u00fcre i\u00e7inde temel rolleri olan t\u00fcm taraflarla d\u00fc\u015f\u00fck d\u00fczeyli temaslarda bulunma azminde oldu\u011funu s\u00f6yledi.<\/p>\n<p>De Mistura\u2019n\u0131n b\u00f6lgesel ve evrensel temel rol sahiplerine de davet g\u00f6nderdi\u011fini s\u00f6yleyen Fevzi; fakat ter\u00f6r \u00f6rg\u00fctleri olarak s\u0131n\u0131fland\u0131r\u0131lmalar\u0131 nedeniyle I\u015e\u0130D ve Nusra Cephesine davet g\u00f6nderilmedi\u011fini, fakat g\u00f6r\u00fc\u015fmelere kat\u0131lacak kimi taraflar\u0131n bu iki \u00f6rg\u00fctlerle temaslarda bulunabileceklerini a\u00e7\u0131klad\u0131.<\/p>\n<p>A.A.<\/p>\n","protected":false},"excerpt":{"rendered":"<p>CENEVRE \u2013 BM s\u00f6zc\u00fcs\u00fc Ahmet Fevzi; BM genel sekreterinin Suriye \u00f6zel Temsilcisi Stafan de Mistura\u2019n\u0131n 4 May\u0131s tarihinde Cenevre&#8217;de ayr\u0131 ayr\u0131 temaslar\u0131n yap\u0131lmas\u0131 amac\u0131yla Suriye&#8217;deki krizin t\u00fcm taraflar\u0131na davet g\u00f6nderdi\u011fini a\u00e7\u0131klad\u0131. Reuters Ajans\u0131n\u0131n aktard\u0131\u011f\u0131 bas\u0131n a\u00e7\u0131klamalar\u0131nda Fevzi; de Mistura\u2019n\u0131n Suriye h\u00fck\u00fcmeti ve muhalif gruplara davet g\u00f6nderdi\u011fini aktar\u0131rken d\u00f6rt ila alt\u0131 haftal\u0131k s\u00fcre i\u00e7inde temel rolleri &hellip;<\/p>\n","protected":false},"author":1,"featured_media":30862,"comment_status":"closed","ping_status":"closed","sticky":false,"template":"","format":"standard","meta":{"footnotes":""},"categories":[458,459,447],"tags":[14017],"class_list":["post-30861","post","type-post","status-publish","format-standard","has-post-thumbnail","","category-dunya1","category-haberler-arap-uluslararasi-politika","category-politika","tag-cenevre-bm-sozcusu-ahmet-fevzi-bm-genel-sekreterinin-suriye-ozel-temsilcisi-stafan-de-misturanin-4-mayis-tarihinde-cenevrede-ayri-ayri-temaslarin-yapilmasi-amaciyla-suriyedeki-kr"],"_links":{"self":[{"href":"https:\/\/archive.sana.sy\/tr\/index.php?rest_route=\/wp\/v2\/posts\/30861","targetHints":{"allow":["GET"]}}],"collection":[{"href":"https:\/\/archive.sana.sy\/tr\/index.php?rest_route=\/wp\/v2\/posts"}],"about":[{"href":"https:\/\/archive.sana.sy\/tr\/index.php?rest_route=\/wp\/v2\/types\/post"}],"author":[{"embeddable":true,"href":"https:\/\/archive.sana.sy\/tr\/index.php?rest_route=\/wp\/v2\/users\/1"}],"replies":[{"embeddable":true,"href":"https:\/\/archive.sana.sy\/tr\/index.php?rest_route=%2Fwp%2Fv2%2Fcomments&post=30861"}],"version-history":[{"count":0,"href":"https:\/\/archive.sana.sy\/tr\/index.php?rest_route=\/wp\/v2\/posts\/30861\/revisions"}],"wp:featuredmedia":[{"embeddable":true,"href":"https:\/\/archive.sana.sy\/tr\/index.php?rest_route=\/wp\/v2\/media\/30862"}],"wp:attachment":[{"href":"https:\/\/archive.sana.sy\/tr\/index.php?rest_route=%2Fwp%2Fv2%2Fmedia&parent=30861"}],"wp:term":[{"taxonomy":"category","embeddable":true,"href":"https:\/\/archive.sana.sy\/tr\/index.php?rest_route=%2Fwp%2Fv2%2Fcategories&post=30861"},{"taxonomy":"post_tag","embeddable":true,"href":"https:\/\/archive.sana.sy\/tr\/index.php?rest_route=%2Fwp%2Fv2%2Ftags&post=30861"}],"curies":[{"name":"wp","href":"https:\/\/api.w.org\/{rel}","templated":true}]}}