{"id":308611,"date":"2024-09-17T17:24:53","date_gmt":"2024-09-17T14:24:53","guid":{"rendered":"https:\/\/sana.sy\/tr\/?p=308611"},"modified":"2024-09-24T14:42:44","modified_gmt":"2024-09-24T11:42:44","slug":"suriye-komorlar-devlet-baskaninin-bicaklanma-olayini-kinadi-ve-her-turlu-siddet-ve-asiriciligi-reddettigini-vurguladi","status":"publish","type":"post","link":"https:\/\/archive.sana.sy\/tr\/?p=308611","title":{"rendered":"Suriye, Komorlar Devlet Ba\u015fkan\u0131&#8217;n\u0131n B\u0131\u00e7aklanma Olay\u0131n\u0131 K\u0131nad\u0131 Ve Her T\u00fcrl\u00fc \u015eiddet Ve A\u015f\u0131r\u0131c\u0131l\u0131\u011f\u0131 Reddetti\u011fini Vurgulad\u0131"},"content":{"rendered":"<p style=\"text-align: justify;\"><strong>\u015eAM (SANA) &#8211;<\/strong> Suriye, Komorlar Devlet Ba\u015fkan\u0131 Gazali Osman&#8217;\u0131n yaralanmas\u0131na yol a\u00e7an b\u0131\u00e7aklama olay\u0131n\u0131 k\u0131nayarak, her t\u00fcrl\u00fc \u015fiddet ve a\u015f\u0131r\u0131c\u0131l\u0131\u011f\u0131 reddetti\u011fini vurgulad\u0131.<\/p>\n<p style=\"text-align: justify;\">Bug\u00fcn bir n\u00fcshas\u0131 SANA&#8217;ya ula\u015fan D\u0131\u015fi\u015fleri ve Gurbet\u00e7iler Bakanl\u0131\u011f\u0131&#8217;ndan yap\u0131lan a\u00e7\u0131klamada \u015fu ifadelere yer verildi: &#8220;Suriye Arap Cumhuriyeti D\u0131\u015fi\u015fleri ve Gurbet\u00e7iler Bakanl\u0131\u011f\u0131, Birle\u015fik Komor Adalar\u0131&#8217;n\u0131n karde\u015f devleti Ba\u015fkan\u0131 Gazali Osman&#8217;a y\u00f6nelik, yaralanmas\u0131na yol a\u00e7an b\u0131\u00e7aklama olay\u0131n\u0131 en g\u00fc\u00e7l\u00fc ifadelerle k\u0131n\u0131yor ve kendisine acil \u015fifalar diliyor.&#8221;<\/p>\n<p style=\"text-align: justify;\">A\u00e7\u0131klamada \u015funlar kaydedildi: \u2018\u2019Suriye Arap Cumhuriyeti, Birle\u015fik Komorlar h\u00fck\u00fcmeti ve halk\u0131yla dayan\u0131\u015fmas\u0131n\u0131 ve her t\u00fcrl\u00fc \u015fiddet ve a\u015f\u0131r\u0131c\u0131l\u0131\u011f\u0131 reddetti\u011fini teyit eder.&#8221;<\/p>\n<p style=\"text-align: center;\"><strong><a href=\"https:\/\/t.me\/SuriyeArapHaberAjansI\">Telegram Kanal\u0131m\u0131z\u00a0<\/a>||<a href=\"https:\/\/twitter.com\/arap_ajans\">X Platformumuz\u00a0<\/a>||<a href=\"https:\/\/www.facebook.com\/SANAHaberAjansi\/\">Facebook Sayfam\u0131z<\/a><\/strong><\/p>\n","protected":false},"excerpt":{"rendered":"<p>\u015eAM (SANA) &#8211; Suriye, Komorlar Devlet Ba\u015fkan\u0131 Gazali Osman&#8217;\u0131n yaralanmas\u0131na yol a\u00e7an b\u0131\u00e7aklama olay\u0131n\u0131 k\u0131nayarak, her t\u00fcrl\u00fc \u015fiddet ve a\u015f\u0131r\u0131c\u0131l\u0131\u011f\u0131 reddetti\u011fini vurgulad\u0131. Bug\u00fcn bir n\u00fcshas\u0131 SANA&#8217;ya ula\u015fan D\u0131\u015fi\u015fleri ve Gurbet\u00e7iler Bakanl\u0131\u011f\u0131&#8217;ndan yap\u0131lan a\u00e7\u0131klamada \u015fu ifadelere yer verildi: &#8220;Suriye Arap Cumhuriyeti D\u0131\u015fi\u015fleri ve Gurbet\u00e7iler Bakanl\u0131\u011f\u0131, Birle\u015fik Komor Adalar\u0131&#8217;n\u0131n karde\u015f devleti Ba\u015fkan\u0131 Gazali Osman&#8217;a y\u00f6nelik, yaralanmas\u0131na yol &hellip;<\/p>\n","protected":false},"author":41,"featured_media":308612,"comment_status":"closed","ping_status":"closed","sticky":false,"template":"","format":"standard","meta":{"footnotes":""},"categories":[458,459,17988],"tags":[],"class_list":["post-308611","post","type-post","status-publish","format-standard","has-post-thumbnail","","category-dunya1","category-haberler-arap-uluslararasi-politika","category-son-haberler"],"_links":{"self":[{"href":"https:\/\/archive.sana.sy\/tr\/index.php?rest_route=\/wp\/v2\/posts\/308611","targetHints":{"allow":["GET"]}}],"collection":[{"href":"https:\/\/archive.sana.sy\/tr\/index.php?rest_route=\/wp\/v2\/posts"}],"about":[{"href":"https:\/\/archive.sana.sy\/tr\/index.php?rest_route=\/wp\/v2\/types\/post"}],"author":[{"embeddable":true,"href":"https:\/\/archive.sana.sy\/tr\/index.php?rest_route=\/wp\/v2\/users\/41"}],"replies":[{"embeddable":true,"href":"https:\/\/archive.sana.sy\/tr\/index.php?rest_route=%2Fwp%2Fv2%2Fcomments&post=308611"}],"version-history":[{"count":3,"href":"https:\/\/archive.sana.sy\/tr\/index.php?rest_route=\/wp\/v2\/posts\/308611\/revisions"}],"predecessor-version":[{"id":308615,"href":"https:\/\/archive.sana.sy\/tr\/index.php?rest_route=\/wp\/v2\/posts\/308611\/revisions\/308615"}],"wp:featuredmedia":[{"embeddable":true,"href":"https:\/\/archive.sana.sy\/tr\/index.php?rest_route=\/wp\/v2\/media\/308612"}],"wp:attachment":[{"href":"https:\/\/archive.sana.sy\/tr\/index.php?rest_route=%2Fwp%2Fv2%2Fmedia&parent=308611"}],"wp:term":[{"taxonomy":"category","embeddable":true,"href":"https:\/\/archive.sana.sy\/tr\/index.php?rest_route=%2Fwp%2Fv2%2Fcategories&post=308611"},{"taxonomy":"post_tag","embeddable":true,"href":"https:\/\/archive.sana.sy\/tr\/index.php?rest_route=%2Fwp%2Fv2%2Ftags&post=308611"}],"curies":[{"name":"wp","href":"https:\/\/api.w.org\/{rel}","templated":true}]}}