{"id":308616,"date":"2024-09-17T18:08:28","date_gmt":"2024-09-17T15:08:28","guid":{"rendered":"https:\/\/sana.sy\/tr\/?p=308616"},"modified":"2024-09-24T14:42:47","modified_gmt":"2024-09-24T11:42:47","slug":"lubnanlilarin-elindeki-tasinabilir-iletisim-cihazlarinin-patlamasi-sonucu-onlarca-kisi-yaralandi","status":"publish","type":"post","link":"https:\/\/archive.sana.sy\/tr\/?p=308616","title":{"rendered":"L\u00fcbnanl\u0131lar\u0131n Elindeki Ta\u015f\u0131nabilir \u0130leti\u015fim Cihazlar\u0131n\u0131n Patlamas\u0131 Sonucu Onlarca Ki\u015fi Yaraland\u0131"},"content":{"rendered":"<p style=\"text-align: justify;\"><strong>BEYRUT (SANA) &#8211;<\/strong>\u00a0 Bug\u00fcn L\u00fcbnan&#8217;\u0131n baz\u0131 b\u00f6lgelerinde ellerinde bulunan telefonlar\u0131n patlamas\u0131 sonucu \u00e7ok say\u0131da ki\u015fi a\u011f\u0131r yaraland\u0131.<\/p>\n<p style=\"text-align: justify;\">Ulusal Haber Ajans\u0131, y\u00fcksek teknoloji kullan\u0131larak elde ta\u015f\u0131nan \u00e7a\u011fr\u0131 cihaz\u0131 ileti\u015fim sistemi patlat\u0131ld\u0131\u011f\u0131n\u0131 ve L\u00fcbnan&#8217;\u0131n bir\u00e7ok b\u00f6lgesinde onlarca ki\u015finin \u00f6ld\u00fc\u011f\u00fcn\u00fc bildirerek, ambulans ekiplerinin yaral\u0131lar\u0131 hastanelere nakletmek i\u00e7in \u00e7al\u0131\u015ft\u0131\u011f\u0131n\u0131 kaydetti.<\/p>\n<p style=\"text-align: justify;\">L\u00fcbnan Halk Sa\u011fl\u0131\u011f\u0131 Bakanl\u0131\u011f\u0131 ise \u015funlar\u0131 s\u00f6yledi: \u2018\u2019Bu \u00f6\u011fleden sonra kaydedilen \u00e7ok say\u0131da yaralanma nedeniyle, ilk olarak yaralanmalar\u0131n, yaral\u0131lar\u0131n elinde bulunan kablosuz cihazlar\u0131n patlamas\u0131yla ilgili oldu\u011fu tespit edildi.\u2019\u2019<\/p>\n<p style=\"text-align: justify;\">Sa\u011fl\u0131k Bakanl\u0131\u011f\u0131 ayr\u0131ca, t\u00fcm sa\u011fl\u0131k \u00e7al\u0131\u015fanlar\u0131n\u0131n tam teyakkuz halinde olmalar\u0131n\u0131, \u00f6zellikle hastanelere sevk edilen \u00e7ok say\u0131da yaral\u0131ya acil tedavi sa\u011flamalar\u0131n\u0131 ve herhangi bir acil durum ihtimaline kar\u015f\u0131 kan ba\u011f\u0131\u015f\u0131 i\u00e7in L\u00fcbnan K\u0131z\u0131l Ha\u00e7\u0131 ile koordineli olmalar\u0131n\u0131 istedi.<\/p>\n<p style=\"text-align: justify;\">Bakanl\u0131k konu\u015fmas\u0131nda da, patlamalarla ilgili ger\u00e7ek ortaya \u00e7\u0131kana kadar kablosuz ileti\u015fim cihaz\u0131 sahibi t\u00fcm L\u00fcbnanl\u0131lardan bu cihazlardan uzak durmalar\u0131n\u0131 istedi.<\/p>\n<p style=\"text-align: justify;\">G\u00fcneydeki, banliy\u00f6lerdeki ve Bekaa&#8217;daki \u00e7o\u011fu hastane, Marjayoun B\u00f6lgesi&#8217;nin \u00e7e\u015fitli kasabalar\u0131nda do\u011fu kesiminde \u00e7ok say\u0131da yaralanma meydana geldikten sonra yaral\u0131lar\u0131n kendilerine nakledildi\u011fine tan\u0131k oluyor.<\/p>\n<p style=\"text-align: center;\"><strong><a href=\"https:\/\/t.me\/SuriyeArapHaberAjansI\">Telegram Kanal\u0131m\u0131z\u00a0<\/a>||<a href=\"https:\/\/twitter.com\/arap_ajans\">X Platformumuz\u00a0<\/a>||<a href=\"https:\/\/www.facebook.com\/SANAHaberAjansi\/\">Facebook Sayfam\u0131z<\/a><\/strong><\/p>\n","protected":false},"excerpt":{"rendered":"<p>BEYRUT (SANA) &#8211;\u00a0 Bug\u00fcn L\u00fcbnan&#8217;\u0131n baz\u0131 b\u00f6lgelerinde ellerinde bulunan telefonlar\u0131n patlamas\u0131 sonucu \u00e7ok say\u0131da ki\u015fi a\u011f\u0131r yaraland\u0131. Ulusal Haber Ajans\u0131, y\u00fcksek teknoloji kullan\u0131larak elde ta\u015f\u0131nan \u00e7a\u011fr\u0131 cihaz\u0131 ileti\u015fim sistemi patlat\u0131ld\u0131\u011f\u0131n\u0131 ve L\u00fcbnan&#8217;\u0131n bir\u00e7ok b\u00f6lgesinde onlarca ki\u015finin \u00f6ld\u00fc\u011f\u00fcn\u00fc bildirerek, ambulans ekiplerinin yaral\u0131lar\u0131 hastanelere nakletmek i\u00e7in \u00e7al\u0131\u015ft\u0131\u011f\u0131n\u0131 kaydetti. L\u00fcbnan Halk Sa\u011fl\u0131\u011f\u0131 Bakanl\u0131\u011f\u0131 ise \u015funlar\u0131 s\u00f6yledi: \u2018\u2019Bu \u00f6\u011fleden &hellip;<\/p>\n","protected":false},"author":41,"featured_media":308617,"comment_status":"closed","ping_status":"closed","sticky":false,"template":"","format":"standard","meta":{"footnotes":""},"categories":[458,459,17988],"tags":[42398,42399,42397],"class_list":["post-308616","post","type-post","status-publish","format-standard","has-post-thumbnail","","category-dunya1","category-haberler-arap-uluslararasi-politika","category-son-haberler","tag-elde-tasinan-cagri-cihazi-iletisim-sisteminin-patlamasi","tag-lubnanda-ne-oluyor","tag-lubnanlilarin-elindeki-tasinabilir-iletisim-cihazlarinin-patlamasi-sonucu-onlarca-kisi-yaralandi"],"_links":{"self":[{"href":"https:\/\/archive.sana.sy\/tr\/index.php?rest_route=\/wp\/v2\/posts\/308616","targetHints":{"allow":["GET"]}}],"collection":[{"href":"https:\/\/archive.sana.sy\/tr\/index.php?rest_route=\/wp\/v2\/posts"}],"about":[{"href":"https:\/\/archive.sana.sy\/tr\/index.php?rest_route=\/wp\/v2\/types\/post"}],"author":[{"embeddable":true,"href":"https:\/\/archive.sana.sy\/tr\/index.php?rest_route=\/wp\/v2\/users\/41"}],"replies":[{"embeddable":true,"href":"https:\/\/archive.sana.sy\/tr\/index.php?rest_route=%2Fwp%2Fv2%2Fcomments&post=308616"}],"version-history":[{"count":1,"href":"https:\/\/archive.sana.sy\/tr\/index.php?rest_route=\/wp\/v2\/posts\/308616\/revisions"}],"predecessor-version":[{"id":308618,"href":"https:\/\/archive.sana.sy\/tr\/index.php?rest_route=\/wp\/v2\/posts\/308616\/revisions\/308618"}],"wp:featuredmedia":[{"embeddable":true,"href":"https:\/\/archive.sana.sy\/tr\/index.php?rest_route=\/wp\/v2\/media\/308617"}],"wp:attachment":[{"href":"https:\/\/archive.sana.sy\/tr\/index.php?rest_route=%2Fwp%2Fv2%2Fmedia&parent=308616"}],"wp:term":[{"taxonomy":"category","embeddable":true,"href":"https:\/\/archive.sana.sy\/tr\/index.php?rest_route=%2Fwp%2Fv2%2Fcategories&post=308616"},{"taxonomy":"post_tag","embeddable":true,"href":"https:\/\/archive.sana.sy\/tr\/index.php?rest_route=%2Fwp%2Fv2%2Ftags&post=308616"}],"curies":[{"name":"wp","href":"https:\/\/api.w.org\/{rel}","templated":true}]}}