{"id":308642,"date":"2024-09-17T22:37:53","date_gmt":"2024-09-17T19:37:53","guid":{"rendered":"https:\/\/sana.sy\/tr\/?p=308642"},"modified":"2024-09-24T14:42:50","modified_gmt":"2024-09-24T11:42:50","slug":"iran-disisleri-bakanligi-lubnana-yonelik-siyonist-teror-saldirisi-soykirim-ornegidir","status":"publish","type":"post","link":"https:\/\/archive.sana.sy\/tr\/?p=308642","title":{"rendered":"\u0130ran D\u0131\u015fi\u015fleri Bakanl\u0131\u011f\u0131: L\u00fcbnan&#8217;a Y\u00f6nelik Siyonist Ter\u00f6r Sald\u0131r\u0131s\u0131 Soyk\u0131r\u0131m \u00d6rne\u011fidir"},"content":{"rendered":"<p style=\"text-align: justify;\"><strong>TAHRAN <\/strong><strong>(SANA) &#8211;<\/strong> \u00a0\u00a0\u0130ran D\u0131\u015fi\u015fleri Bakanl\u0131\u011f\u0131 s\u00f6zc\u00fcs\u00fc Nas\u0131r Kenani, L\u00fcbnan&#8217;daki Siyonist varl\u0131\u011f\u0131n ileti\u015fim sistemlerini havaya u\u00e7urarak L\u00fcbnan vatanda\u015flar\u0131n\u0131 hedef alarak ger\u00e7ekle\u015ftirdi\u011fi ter\u00f6r eylemini \u015fiddetle k\u0131nad\u0131 ve bu eylemi soyk\u0131r\u0131m \u00f6rne\u011fi olarak nitelendirdi.<\/p>\n<p style=\"text-align: justify;\">\u0130ran haber ajans\u0131 IRNA, Kanaani&#8217;nin bug\u00fcn yapt\u0131\u011f\u0131 a\u00e7\u0131klamada \u015funlar\u0131 s\u00f6yledi\u011fini aktard\u0131: &#8221;Bug\u00fcn L\u00fcbnan&#8217;da ger\u00e7ekle\u015ftirilen ter\u00f6r operasyonlar\u0131, Siyonist varl\u0131\u011f\u0131 \u00a0ve onun paral\u0131 ajanlar\u0131n\u0131n ortak operasyonlar\u0131n\u0131n devam\u0131 olarak ger\u00e7ekle\u015ftirilmi\u015ftir. \u00a0T\u00fcm ahlaki ve insani ilkelere ve uluslararas\u0131 yasalara, \u00f6zellikle de uluslararas\u0131 insanc\u0131l hukuka ayk\u0131r\u0131d\u0131r ve bu nedenle uluslararas\u0131 cezai kovu\u015fturmaya, yarg\u0131lamaya ve cezaya tabidir.&#8221;<\/p>\n<p style=\"text-align: justify;\">Kenani ayr\u0131ca, Siyonist varl\u0131\u011f\u0131n bu eylemi soyk\u0131r\u0131m\u0131n bir ba\u015fka bi\u00e7imini ger\u00e7ekle\u015ftirdi\u011fini ve uluslararas\u0131 bar\u0131\u015f ve g\u00fcvenli\u011fe y\u00f6nelik b\u00f6lgesel ve uluslararas\u0131 bir tehdit olu\u015fturdu\u011funu bir kez daha a\u00e7\u0131k\u00e7a kan\u0131tlad\u0131\u011f\u0131na dikkat \u00e7ekti.<\/p>\n<p style=\"text-align: justify;\">Kenani, uluslararas\u0131 toplumun Siyonist varl\u0131\u011f\u0131n ter\u00f6r eylemleri ve bunlar\u0131n yol a\u00e7t\u0131\u011f\u0131 tehditlerin sorumlulu\u011funu \u00fcstlenmesi gerekti\u011fini ve Siyonist su\u00e7 otoritelerinin cezas\u0131z kalmas\u0131yla y\u00fczle\u015fmek i\u00e7in derhal harekete ge\u00e7ilmesi gerekti\u011fini de vurgulad\u0131.<\/p>\n<p style=\"text-align: justify;\">S\u00f6zc\u00fc Kenani, \u0130ran&#8217;\u0131n L\u00fcbnan h\u00fck\u00fcmeti, halk\u0131 ve direni\u015fine, bu ter\u00f6r operasyonunda \u015fehit ve yaral\u0131lar\u0131n ailelerine sempati ve dayan\u0131\u015fma duydu\u011funu vurgularken, \u0130ran&#8217;\u0131n L\u00fcbnan B\u00fcy\u00fckel\u00e7isi de dahil olmak \u00fczere bu kazada yaralanan herkese acil \u015fifalar diledi ve \u00fclkesinin L\u00fcbnan h\u00fck\u00fcmetine ve insanlara her t\u00fcrl\u00fc yard\u0131m sa\u011flamaya haz\u0131r oldu\u011funu vurgulad\u0131.<\/p>\n<p style=\"text-align: center;\"><strong><a href=\"https:\/\/t.me\/SuriyeArapHaberAjansI\">Telegram Kanal\u0131m\u0131z\u00a0<\/a>||<a href=\"https:\/\/twitter.com\/arap_ajans\">X Platformumuz\u00a0<\/a>||<a href=\"https:\/\/www.facebook.com\/SANAHaberAjansi\/\">Facebook Sayfam\u0131z<\/a><\/strong><\/p>\n","protected":false},"excerpt":{"rendered":"<p>TAHRAN (SANA) &#8211; \u00a0\u00a0\u0130ran D\u0131\u015fi\u015fleri Bakanl\u0131\u011f\u0131 s\u00f6zc\u00fcs\u00fc Nas\u0131r Kenani, L\u00fcbnan&#8217;daki Siyonist varl\u0131\u011f\u0131n ileti\u015fim sistemlerini havaya u\u00e7urarak L\u00fcbnan vatanda\u015flar\u0131n\u0131 hedef alarak ger\u00e7ekle\u015ftirdi\u011fi ter\u00f6r eylemini \u015fiddetle k\u0131nad\u0131 ve bu eylemi soyk\u0131r\u0131m \u00f6rne\u011fi olarak nitelendirdi. \u0130ran haber ajans\u0131 IRNA, Kanaani&#8217;nin bug\u00fcn yapt\u0131\u011f\u0131 a\u00e7\u0131klamada \u015funlar\u0131 s\u00f6yledi\u011fini aktard\u0131: &#8221;Bug\u00fcn L\u00fcbnan&#8217;da ger\u00e7ekle\u015ftirilen ter\u00f6r operasyonlar\u0131, Siyonist varl\u0131\u011f\u0131 \u00a0ve onun paral\u0131 ajanlar\u0131n\u0131n ortak &hellip;<\/p>\n","protected":false},"author":41,"featured_media":308643,"comment_status":"closed","ping_status":"closed","sticky":false,"template":"","format":"standard","meta":{"footnotes":""},"categories":[458,459,17988],"tags":[],"class_list":["post-308642","post","type-post","status-publish","format-standard","has-post-thumbnail","","category-dunya1","category-haberler-arap-uluslararasi-politika","category-son-haberler"],"_links":{"self":[{"href":"https:\/\/archive.sana.sy\/tr\/index.php?rest_route=\/wp\/v2\/posts\/308642","targetHints":{"allow":["GET"]}}],"collection":[{"href":"https:\/\/archive.sana.sy\/tr\/index.php?rest_route=\/wp\/v2\/posts"}],"about":[{"href":"https:\/\/archive.sana.sy\/tr\/index.php?rest_route=\/wp\/v2\/types\/post"}],"author":[{"embeddable":true,"href":"https:\/\/archive.sana.sy\/tr\/index.php?rest_route=\/wp\/v2\/users\/41"}],"replies":[{"embeddable":true,"href":"https:\/\/archive.sana.sy\/tr\/index.php?rest_route=%2Fwp%2Fv2%2Fcomments&post=308642"}],"version-history":[{"count":1,"href":"https:\/\/archive.sana.sy\/tr\/index.php?rest_route=\/wp\/v2\/posts\/308642\/revisions"}],"predecessor-version":[{"id":308644,"href":"https:\/\/archive.sana.sy\/tr\/index.php?rest_route=\/wp\/v2\/posts\/308642\/revisions\/308644"}],"wp:featuredmedia":[{"embeddable":true,"href":"https:\/\/archive.sana.sy\/tr\/index.php?rest_route=\/wp\/v2\/media\/308643"}],"wp:attachment":[{"href":"https:\/\/archive.sana.sy\/tr\/index.php?rest_route=%2Fwp%2Fv2%2Fmedia&parent=308642"}],"wp:term":[{"taxonomy":"category","embeddable":true,"href":"https:\/\/archive.sana.sy\/tr\/index.php?rest_route=%2Fwp%2Fv2%2Fcategories&post=308642"},{"taxonomy":"post_tag","embeddable":true,"href":"https:\/\/archive.sana.sy\/tr\/index.php?rest_route=%2Fwp%2Fv2%2Ftags&post=308642"}],"curies":[{"name":"wp","href":"https:\/\/api.w.org\/{rel}","templated":true}]}}