{"id":308662,"date":"2024-09-18T12:53:20","date_gmt":"2024-09-18T09:53:20","guid":{"rendered":"https:\/\/sana.sy\/tr\/?p=308662"},"modified":"2024-09-24T14:43:22","modified_gmt":"2024-09-24T11:43:22","slug":"aksa-tufani-operasyonu-bugunun-en-one-cikan-gelismeleri-255","status":"publish","type":"post","link":"https:\/\/archive.sana.sy\/tr\/?p=308662","title":{"rendered":"Aksa Tufan\u0131 Operasyonu\u2026 Bug\u00fcn\u00fcn En \u00d6ne \u00c7\u0131kan Geli\u015fmeleri"},"content":{"rendered":"<p style=\"text-align: justify;\"><strong>\u0130\u015eGAL ED\u0130LEN KUD\u00dcS (SANA) \u2013<\/strong>\u00a0Filistin direni\u015finin i\u015fgalci \u0130srail\u2019in sald\u0131rganl\u0131\u011f\u0131na yan\u0131t olarak ge\u00e7en 7 Ekim\u2019de ba\u015flatt\u0131\u011f\u0131 Aksa Tufan\u0131 Operasyonu\u2019nda \u00f6ne \u00e7\u0131kan geli\u015fmeler:<\/p>\n<ul>\n<li style=\"text-align: justify;\">Filistin medyas\u0131: \u0130srail i\u015fgalinin Gazze \u015eehri&#8217;nin do\u011fusundaki \u015eucaiye mahallesinde yerinden edilmi\u015f ki\u015filerin bar\u0131nd\u0131\u011f\u0131 bir okulu bombalamas\u0131 sonucu 8 \u015fehit ve \u00e7ok say\u0131da yaral\u0131.<\/li>\n<li style=\"text-align: justify;\">Filistin direni\u015fi \u201c107\u201d f\u00fczeleriyle \u0130srail d\u00fc\u015fman\u0131n\u0131n Gazze \u015eeridi&#8217;ndeki Madinat El Zahraa&#8217;daki kararg\u00e2h\u0131n\u0131 hedef ald\u0131.<\/li>\n<li style=\"text-align: justify;\">\u0130mha sava\u015f\u0131n\u0131n ba\u015flang\u0131c\u0131ndan bu yana Gazze \u015eeridi&#8217;nde 41.272 \u015fehit.<\/li>\n<li style=\"text-align: justify;\">Filistin medyas\u0131: \u0130srail i\u015fgalinin Gazze \u015eeridi&#8217;nin g\u00fcneyindeki Refah Plaj\u0131&#8217;nda bir arac\u0131 bombalamas\u0131 sonucu 1 \u015fehit ve 14 ki\u015fi yaraland\u0131.<\/li>\n<li style=\"text-align: justify;\">Filistin Sa\u011fl\u0131k Bakanl\u0131\u011f\u0131: Gazze \u015eeridi&#8217;nde 348&#8217;inci g\u00fcn\u00fcnde devam eden i\u015fgal sald\u0131rganl\u0131\u011f\u0131nda ma\u011fdurlar\u0131n say\u0131s\u0131 41 bin 272 \u015fehit ve 95 bin 551 yaral\u0131ya y\u00fckseldi.<\/li>\n<li style=\"text-align: justify;\">Filistin Sa\u011fl\u0131k Bakanl\u0131\u011f\u0131: \u0130srail i\u015fgali son 24 saatte Gazze \u015eeridi&#8217;nde iki katliam ger\u00e7ekle\u015ftirdi; 20 \u015fehit ve 54 ki\u015fi yaraland\u0131.<\/li>\n<li>\n<p style=\"text-align: justify;\">Filistin Sa\u011fl\u0131k Bakanl\u0131\u011f\u0131: Bat\u0131 \u015eeria&#8217;n\u0131n Ramallah kentine ba\u011fl\u0131 Nilin kasabas\u0131 yak\u0131nlar\u0131nda Filistinli bir \u00e7ocuk \u0130srail i\u015fgal kur\u015funlar\u0131 sonucu hayat\u0131n\u0131 kaybetti.<\/p>\n<\/li>\n<\/ul>\n<p style=\"text-align: center;\"><strong><a href=\"https:\/\/t.me\/SuriyeArapHaberAjansI\">Telegram Kanal\u0131m\u0131z\u00a0<\/a>||<a href=\"https:\/\/twitter.com\/arap_ajans\">X Platformumuz\u00a0<\/a>||<a href=\"https:\/\/www.facebook.com\/SANAHaberAjansi\/\">Facebook Sayfam\u0131z<\/a><\/strong><\/p>\n","protected":false},"excerpt":{"rendered":"<p>\u0130\u015eGAL ED\u0130LEN KUD\u00dcS (SANA) \u2013\u00a0Filistin direni\u015finin i\u015fgalci \u0130srail\u2019in sald\u0131rganl\u0131\u011f\u0131na yan\u0131t olarak ge\u00e7en 7 Ekim\u2019de ba\u015flatt\u0131\u011f\u0131 Aksa Tufan\u0131 Operasyonu\u2019nda \u00f6ne \u00e7\u0131kan geli\u015fmeler: Filistin medyas\u0131: \u0130srail i\u015fgalinin Gazze \u015eehri&#8217;nin do\u011fusundaki \u015eucaiye mahallesinde yerinden edilmi\u015f ki\u015filerin bar\u0131nd\u0131\u011f\u0131 bir okulu bombalamas\u0131 sonucu 8 \u015fehit ve \u00e7ok say\u0131da yaral\u0131. Filistin direni\u015fi \u201c107\u201d f\u00fczeleriyle \u0130srail d\u00fc\u015fman\u0131n\u0131n Gazze \u015eeridi&#8217;ndeki Madinat El Zahraa&#8217;daki &hellip;<\/p>\n","protected":false},"author":39,"featured_media":308663,"comment_status":"closed","ping_status":"closed","sticky":false,"template":"","format":"standard","meta":{"footnotes":""},"categories":[458,459,17988],"tags":[],"class_list":["post-308662","post","type-post","status-publish","format-standard","has-post-thumbnail","","category-dunya1","category-haberler-arap-uluslararasi-politika","category-son-haberler"],"_links":{"self":[{"href":"https:\/\/archive.sana.sy\/tr\/index.php?rest_route=\/wp\/v2\/posts\/308662","targetHints":{"allow":["GET"]}}],"collection":[{"href":"https:\/\/archive.sana.sy\/tr\/index.php?rest_route=\/wp\/v2\/posts"}],"about":[{"href":"https:\/\/archive.sana.sy\/tr\/index.php?rest_route=\/wp\/v2\/types\/post"}],"author":[{"embeddable":true,"href":"https:\/\/archive.sana.sy\/tr\/index.php?rest_route=\/wp\/v2\/users\/39"}],"replies":[{"embeddable":true,"href":"https:\/\/archive.sana.sy\/tr\/index.php?rest_route=%2Fwp%2Fv2%2Fcomments&post=308662"}],"version-history":[{"count":3,"href":"https:\/\/archive.sana.sy\/tr\/index.php?rest_route=\/wp\/v2\/posts\/308662\/revisions"}],"predecessor-version":[{"id":308678,"href":"https:\/\/archive.sana.sy\/tr\/index.php?rest_route=\/wp\/v2\/posts\/308662\/revisions\/308678"}],"wp:featuredmedia":[{"embeddable":true,"href":"https:\/\/archive.sana.sy\/tr\/index.php?rest_route=\/wp\/v2\/media\/308663"}],"wp:attachment":[{"href":"https:\/\/archive.sana.sy\/tr\/index.php?rest_route=%2Fwp%2Fv2%2Fmedia&parent=308662"}],"wp:term":[{"taxonomy":"category","embeddable":true,"href":"https:\/\/archive.sana.sy\/tr\/index.php?rest_route=%2Fwp%2Fv2%2Fcategories&post=308662"},{"taxonomy":"post_tag","embeddable":true,"href":"https:\/\/archive.sana.sy\/tr\/index.php?rest_route=%2Fwp%2Fv2%2Ftags&post=308662"}],"curies":[{"name":"wp","href":"https:\/\/api.w.org\/{rel}","templated":true}]}}