{"id":308665,"date":"2024-09-18T04:03:28","date_gmt":"2024-09-18T01:03:28","guid":{"rendered":"https:\/\/sana.sy\/tr\/?p=308665"},"modified":"2024-09-18T18:24:55","modified_gmt":"2024-09-18T15:24:55","slug":"lubnan-saglik-bakanligi-israilin-lubnana-yonelik-siber-saldirganligi-sonucunda-yaklasik-3-000-kisi-yaralandi","status":"publish","type":"post","link":"https:\/\/archive.sana.sy\/tr\/?p=308665","title":{"rendered":"L\u00fcbnan Sa\u011fl\u0131k Bakanl\u0131\u011f\u0131: \u0130srail&#8217;in L\u00fcbnan&#8217;a Y\u00f6nelik Siber Sald\u0131rganl\u0131\u011f\u0131 Sonucunda Yakla\u015f\u0131k 3.000 Ki\u015fi Yaraland\u0131"},"content":{"rendered":"<p style=\"text-align: justify;\"><strong>BEYRUT (SANA) \u2013<\/strong> L\u00fcbnan ge\u00e7ici h\u00fck\u00fcmetinin Halk Sa\u011fl\u0131\u011f\u0131 Bakan\u0131 Firas El Abyad, d\u00fcn L\u00fcbnan&#8217;\u0131n maruz kald\u0131\u011f\u0131 \u0130srail siber sald\u0131r\u0131s\u0131 sonucu yaralananlar\u0131n say\u0131s\u0131n\u0131n 3 bin civar\u0131na ula\u015ft\u0131\u011f\u0131n\u0131 a\u00e7\u0131klad\u0131.<\/p>\n<p style=\"text-align: justify;\">Sa\u011fl\u0131k Bakan\u0131, yard\u0131m teklifinde bulunan ve L\u00fcbnan&#8217;a art arda sevkiyat yapacak olan Suriye, M\u0131s\u0131r ve \u0130ran dahil t\u00fcm karde\u015f \u00fclkelere takdirlerini ifade ederek, \u0130srail&#8217;in sald\u0131rganl\u0131\u011f\u0131n\u0131n ard\u0131ndan ilk yard\u0131m sevkiyat\u0131n\u0131n Irak h\u00fck\u00fcmetinden al\u0131nd\u0131\u011f\u0131n\u0131, Irak&#8217;tan 20 doktor ve sa\u011fl\u0131k \u00e7al\u0131\u015fan\u0131n\u0131n Beyrut havaliman\u0131na geldi\u011fini ve 15 tonun \u00fczerinde yard\u0131m\u0131n al\u0131nd\u0131\u011f\u0131n\u0131 kaydetti.<\/p>\n<p style=\"text-align: justify;\">L\u00fcbnan medyas\u0131 daha \u00f6nce yapt\u0131\u011f\u0131 a\u00e7\u0131klamalarda, \u0130\u015fgalci \u0130srail&#8217;in ger\u00e7ekle\u015ftirdi\u011fi siber sald\u0131rganl\u0131\u011f\u0131n\u0131n, L\u00fcbnan&#8217;\u0131n baz\u0131 b\u00f6lgelerinde ellerinde bulunan ileti\u015fim cihazlar\u0131n\u0131n patlamas\u0131 sonucu biri k\u0131z olmak \u00fczere 8 L\u00fcbnanl\u0131n\u0131n \u015fehit olmas\u0131na ve \u00e7ok say\u0131da yaralanmas\u0131na yol a\u00e7t\u0131\u011f\u0131n\u0131 bildirmi\u015fti.<\/p>\n<p style=\"text-align: center;\"><strong><a href=\"https:\/\/t.me\/SuriyeArapHaberAjansI\">Telegram Kanal\u0131m\u0131z\u00a0<\/a>||<a href=\"https:\/\/twitter.com\/arap_ajans\">X Platformumuz\u00a0<\/a>||<a href=\"https:\/\/www.facebook.com\/SANAHaberAjansi\/\">Facebook Sayfam\u0131z<\/a><\/strong><\/p>\n","protected":false},"excerpt":{"rendered":"<p>BEYRUT (SANA) \u2013 L\u00fcbnan ge\u00e7ici h\u00fck\u00fcmetinin Halk Sa\u011fl\u0131\u011f\u0131 Bakan\u0131 Firas El Abyad, d\u00fcn L\u00fcbnan&#8217;\u0131n maruz kald\u0131\u011f\u0131 \u0130srail siber sald\u0131r\u0131s\u0131 sonucu yaralananlar\u0131n say\u0131s\u0131n\u0131n 3 bin civar\u0131na ula\u015ft\u0131\u011f\u0131n\u0131 a\u00e7\u0131klad\u0131. Sa\u011fl\u0131k Bakan\u0131, yard\u0131m teklifinde bulunan ve L\u00fcbnan&#8217;a art arda sevkiyat yapacak olan Suriye, M\u0131s\u0131r ve \u0130ran dahil t\u00fcm karde\u015f \u00fclkelere takdirlerini ifade ederek, \u0130srail&#8217;in sald\u0131rganl\u0131\u011f\u0131n\u0131n ard\u0131ndan ilk yard\u0131m &hellip;<\/p>\n","protected":false},"author":39,"featured_media":308666,"comment_status":"closed","ping_status":"closed","sticky":false,"template":"","format":"standard","meta":{"footnotes":""},"categories":[458,459],"tags":[42401,42400],"class_list":["post-308665","post","type-post","status-publish","format-standard","has-post-thumbnail","","category-dunya1","category-haberler-arap-uluslararasi-politika","tag-pager-cizhazi-nedir","tag-pajer"],"_links":{"self":[{"href":"https:\/\/archive.sana.sy\/tr\/index.php?rest_route=\/wp\/v2\/posts\/308665","targetHints":{"allow":["GET"]}}],"collection":[{"href":"https:\/\/archive.sana.sy\/tr\/index.php?rest_route=\/wp\/v2\/posts"}],"about":[{"href":"https:\/\/archive.sana.sy\/tr\/index.php?rest_route=\/wp\/v2\/types\/post"}],"author":[{"embeddable":true,"href":"https:\/\/archive.sana.sy\/tr\/index.php?rest_route=\/wp\/v2\/users\/39"}],"replies":[{"embeddable":true,"href":"https:\/\/archive.sana.sy\/tr\/index.php?rest_route=%2Fwp%2Fv2%2Fcomments&post=308665"}],"version-history":[{"count":4,"href":"https:\/\/archive.sana.sy\/tr\/index.php?rest_route=\/wp\/v2\/posts\/308665\/revisions"}],"predecessor-version":[{"id":308691,"href":"https:\/\/archive.sana.sy\/tr\/index.php?rest_route=\/wp\/v2\/posts\/308665\/revisions\/308691"}],"wp:featuredmedia":[{"embeddable":true,"href":"https:\/\/archive.sana.sy\/tr\/index.php?rest_route=\/wp\/v2\/media\/308666"}],"wp:attachment":[{"href":"https:\/\/archive.sana.sy\/tr\/index.php?rest_route=%2Fwp%2Fv2%2Fmedia&parent=308665"}],"wp:term":[{"taxonomy":"category","embeddable":true,"href":"https:\/\/archive.sana.sy\/tr\/index.php?rest_route=%2Fwp%2Fv2%2Fcategories&post=308665"},{"taxonomy":"post_tag","embeddable":true,"href":"https:\/\/archive.sana.sy\/tr\/index.php?rest_route=%2Fwp%2Fv2%2Ftags&post=308665"}],"curies":[{"name":"wp","href":"https:\/\/api.w.org\/{rel}","templated":true}]}}