{"id":308673,"date":"2024-09-18T15:50:26","date_gmt":"2024-09-18T12:50:26","guid":{"rendered":"https:\/\/sana.sy\/tr\/?p=308673"},"modified":"2024-09-24T14:43:19","modified_gmt":"2024-09-24T11:43:19","slug":"imha-savasinin-baslangicindan-bu-yana-gazze-seridinde-41-272-sehit","status":"publish","type":"post","link":"https:\/\/archive.sana.sy\/tr\/?p=308673","title":{"rendered":"\u0130mha Sava\u015f\u0131n\u0131n Ba\u015flang\u0131c\u0131ndan Bu Yana Gazze \u015eeridi&#8217;nde 41.272 \u015fehit"},"content":{"rendered":"<p style=\"text-align: justify;\"><strong>\u0130\u015eGAL ED\u0130LEN KUD\u00dcS (SANA)<\/strong> &#8211; Filistin Sa\u011fl\u0131k Bakanl\u0131\u011f\u0131, i\u015fgalci \u0130srail&#8217;in Gazze \u015eeridi&#8217;nde son 24 saatte iki katliam ger\u00e7ekle\u015ftirdi\u011fini, 20 \u015fehit ve 54 yaral\u0131n\u0131n hastanelere ula\u015ft\u0131\u011f\u0131n\u0131 duyurdu.<\/p>\n<p style=\"text-align: justify;\">Bakanl\u0131k bug\u00fcn yapt\u0131\u011f\u0131 a\u00e7\u0131klamada \u015funlar\u0131 s\u00f6yledi: \u2018\u2019Gazze \u015eeridi&#8217;nde 348&#8217;inci g\u00fcn\u00fcnde devam eden i\u015fgal sald\u0131r\u0131s\u0131nda \u015fehit say\u0131s\u0131 41 bin 272&#8217;ye, yaral\u0131 say\u0131s\u0131 ise 95 bin 551&#8217;e y\u00fckseldi. Baz\u0131 ma\u011fdurlar halen moloz alt\u0131nda ve yollardayken, ambulans ve sivil savunma ekipleri onlara ula\u015fam\u0131yor.\u2019\u2019<\/p>\n<p style=\"text-align: justify;\">Bakanl\u0131k, Dr. Ziad El Dalu&#8217;nun i\u015fgal g\u00f6zalt\u0131 merkezlerinde \u015fehadetine i\u015faret ederek, ge\u00e7ti\u011fimiz 18 Mart&#8217;ta i\u015fgal g\u00fc\u00e7lerinin El \u015eifa T\u0131p Kompleksi&#8217;nde insani g\u00f6revini yerine getirirken tutuklad\u0131\u011f\u0131n\u0131 belirtti..<\/p>\n<p style=\"text-align: justify;\">Bakanl\u0131k ayr\u0131ca, Filistinli sa\u011fl\u0131k personeline kar\u015f\u0131 i\u015flenen bu i\u011fren\u00e7 su\u00e7u k\u0131nayarak, insani g\u00f6revlerini yerine getirirken sa\u011fl\u0131k personelinin hedeflenmesinin, uluslararas\u0131 insani hukuk ve uluslararas\u0131 s\u00f6zle\u015fmelerin \u00e7irkin bir ihlali oldu\u011funu kaydetti.<\/p>\n<p style=\"text-align: justify;\">Bakanl\u0131k, hastanelerde tutuklanan onlarca Filistinli sa\u011fl\u0131k personelinin ak\u0131betinin ortaya \u00e7\u0131kar\u0131lmas\u0131 ve i\u015fgalin onlara kar\u015f\u0131 i\u015fledi\u011fi su\u00e7lardan sorumlu tutulmas\u0131 i\u00e7in t\u00fcm uluslararas\u0131 ve insan haklar\u0131 kurulu\u015flar\u0131na derhal m\u00fcdahale etme de \u00e7a\u011fr\u0131s\u0131nda bulundu.<\/p>\n<p style=\"text-align: center;\"><strong><a href=\"https:\/\/t.me\/SuriyeArapHaberAjansI\">Telegram Kanal\u0131m\u0131z\u00a0<\/a>||<a href=\"https:\/\/twitter.com\/arap_ajans\">X Platformumuz\u00a0<\/a>||<a href=\"https:\/\/www.facebook.com\/SANAHaberAjansi\/\">Facebook Sayfam\u0131z<\/a><\/strong><\/p>\n","protected":false},"excerpt":{"rendered":"<p>\u0130\u015eGAL ED\u0130LEN KUD\u00dcS (SANA) &#8211; Filistin Sa\u011fl\u0131k Bakanl\u0131\u011f\u0131, i\u015fgalci \u0130srail&#8217;in Gazze \u015eeridi&#8217;nde son 24 saatte iki katliam ger\u00e7ekle\u015ftirdi\u011fini, 20 \u015fehit ve 54 yaral\u0131n\u0131n hastanelere ula\u015ft\u0131\u011f\u0131n\u0131 duyurdu. Bakanl\u0131k bug\u00fcn yapt\u0131\u011f\u0131 a\u00e7\u0131klamada \u015funlar\u0131 s\u00f6yledi: \u2018\u2019Gazze \u015eeridi&#8217;nde 348&#8217;inci g\u00fcn\u00fcnde devam eden i\u015fgal sald\u0131r\u0131s\u0131nda \u015fehit say\u0131s\u0131 41 bin 272&#8217;ye, yaral\u0131 say\u0131s\u0131 ise 95 bin 551&#8217;e y\u00fckseldi. Baz\u0131 ma\u011fdurlar halen &hellip;<\/p>\n","protected":false},"author":41,"featured_media":308674,"comment_status":"closed","ping_status":"closed","sticky":false,"template":"","format":"standard","meta":{"footnotes":""},"categories":[458,459,17988],"tags":[40122,40319,40132],"class_list":["post-308673","post","type-post","status-publish","format-standard","has-post-thumbnail","","category-dunya1","category-haberler-arap-uluslararasi-politika","category-son-haberler","tag-gazzede-son-durum","tag-gazzede-son-gelimeler","tag-gazzede-son-gelismeler"],"_links":{"self":[{"href":"https:\/\/archive.sana.sy\/tr\/index.php?rest_route=\/wp\/v2\/posts\/308673","targetHints":{"allow":["GET"]}}],"collection":[{"href":"https:\/\/archive.sana.sy\/tr\/index.php?rest_route=\/wp\/v2\/posts"}],"about":[{"href":"https:\/\/archive.sana.sy\/tr\/index.php?rest_route=\/wp\/v2\/types\/post"}],"author":[{"embeddable":true,"href":"https:\/\/archive.sana.sy\/tr\/index.php?rest_route=\/wp\/v2\/users\/41"}],"replies":[{"embeddable":true,"href":"https:\/\/archive.sana.sy\/tr\/index.php?rest_route=%2Fwp%2Fv2%2Fcomments&post=308673"}],"version-history":[{"count":1,"href":"https:\/\/archive.sana.sy\/tr\/index.php?rest_route=\/wp\/v2\/posts\/308673\/revisions"}],"predecessor-version":[{"id":308675,"href":"https:\/\/archive.sana.sy\/tr\/index.php?rest_route=\/wp\/v2\/posts\/308673\/revisions\/308675"}],"wp:featuredmedia":[{"embeddable":true,"href":"https:\/\/archive.sana.sy\/tr\/index.php?rest_route=\/wp\/v2\/media\/308674"}],"wp:attachment":[{"href":"https:\/\/archive.sana.sy\/tr\/index.php?rest_route=%2Fwp%2Fv2%2Fmedia&parent=308673"}],"wp:term":[{"taxonomy":"category","embeddable":true,"href":"https:\/\/archive.sana.sy\/tr\/index.php?rest_route=%2Fwp%2Fv2%2Fcategories&post=308673"},{"taxonomy":"post_tag","embeddable":true,"href":"https:\/\/archive.sana.sy\/tr\/index.php?rest_route=%2Fwp%2Fv2%2Ftags&post=308673"}],"curies":[{"name":"wp","href":"https:\/\/api.w.org\/{rel}","templated":true}]}}