{"id":308687,"date":"2024-09-18T16:00:52","date_gmt":"2024-09-18T13:00:52","guid":{"rendered":"https:\/\/sana.sy\/tr\/?p=308687"},"modified":"2024-09-24T14:45:50","modified_gmt":"2024-09-24T11:45:50","slug":"lubnan-saglik-bakani-israilin-siber-saldirisi-sonucu-12-sehit-ve-2-bin-800-kisi-yaralandi","status":"publish","type":"post","link":"https:\/\/archive.sana.sy\/tr\/?p=308687","title":{"rendered":"L\u00fcbnan Sa\u011fl\u0131k Bakan\u0131: \u0130srail&#8217;in Siber Sald\u0131r\u0131s\u0131 Sonucu 12 \u015eehit Ve 2 Bin 800 Ki\u015fi Yaraland\u0131"},"content":{"rendered":"<p style=\"text-align: justify;\"><strong>BEYRUT (SANA)<\/strong> \u2013 L\u00fcbnan ge\u00e7ici h\u00fck\u00fcmetinin Sa\u011fl\u0131k Bakan\u0131 Firas El Abyad, \u0130srail&#8217;in d\u00fcn L\u00fcbnan&#8217;a y\u00f6nelik siber sald\u0131r\u0131s\u0131 sonucunda \u015fehit say\u0131s\u0131n\u0131n \u015fu ana kadar ikisi \u00e7ocuk 12 \u015fehidine ula\u015ft\u0131\u011f\u0131n\u0131 a\u00e7\u0131klad\u0131.<\/p>\n<p style=\"text-align: justify;\">El Abyad L\u00fcbnan medyas\u0131na g\u00f6re bug\u00fcn d\u00fczenledi\u011fi bas\u0131n toplant\u0131s\u0131nda yaral\u0131 say\u0131s\u0131n\u0131n 300&#8217;\u00fc a\u011f\u0131r olmak \u00fczere 2 bin 750&#8217;ye ula\u015ft\u0131\u011f\u0131n\u0131, yaral\u0131lar aras\u0131nda g\u00fcneyde 750, Bekaa&#8217;da 150, Beyrut ve banliy\u00f6lerde ise 1850 ki\u015finin bulundu\u011funu bildirdi.<\/p>\n<p style=\"text-align: justify;\">El Abyad ayr\u0131ca, yar\u0131m saat i\u00e7inde yakla\u015f\u0131k 2 bin 800 yaral\u0131n\u0131n hastanelere kald\u0131r\u0131ld\u0131\u011f\u0131n\u0131, yaral\u0131lar\u0131n \u00fc\u00e7te ikisinin hastaneye yat\u0131r\u0131lmas\u0131 gerekti\u011fini, \u015fu ana kadar \u00e7o\u011fu g\u00f6z ve y\u00fcz ameliyat\u0131 olmak \u00fczere 460 ameliyat yap\u0131ld\u0131\u011f\u0131n\u0131 belirtti.<\/p>\n<p style=\"text-align: justify;\">L\u00fcbnan Sa\u011fl\u0131k Bakan\u0131, sald\u0131r\u0131 ma\u011fdurlar\u0131ndan 4&#8217;\u00fcn\u00fcn sa\u011fl\u0131k sekt\u00f6r\u00fc \u00e7al\u0131\u015fan\u0131 oldu\u011funu belirterek, kan bankalar\u0131n\u0131n 3 saat i\u00e7inde 2 binden fazla ba\u011f\u0131\u015f vakas\u0131 ald\u0131\u011f\u0131n\u0131 ve bunun L\u00fcbnan tarihindeki en b\u00fcy\u00fck oran oldu\u011funu\u00a0 da belirtti.<\/p>\n<p style=\"text-align: justify;\">El Abyad&#8217;a g\u00f6re yaral\u0131lardan bir k\u0131sm\u0131 Suriye&#8217;ye, bir k\u0131sm\u0131 da tedavi i\u00e7in \u0130ran&#8217;a nakledilecek. Ayr\u0131ca Irak, \u0130ran ve \u00dcrd\u00fcn&#8217;den de t\u0131bbi yard\u0131m geldi.<\/p>\n<p style=\"text-align: center;\"><strong><a href=\"https:\/\/t.me\/SuriyeArapHaberAjansI\">Telegram Kanal\u0131m\u0131z\u00a0<\/a>||<a href=\"https:\/\/twitter.com\/arap_ajans\">X Platformumuz\u00a0<\/a>||<a href=\"https:\/\/www.facebook.com\/SANAHaberAjansi\/\">Facebook Sayfam\u0131z<\/a><\/strong><\/p>\n","protected":false},"excerpt":{"rendered":"<p>BEYRUT (SANA) \u2013 L\u00fcbnan ge\u00e7ici h\u00fck\u00fcmetinin Sa\u011fl\u0131k Bakan\u0131 Firas El Abyad, \u0130srail&#8217;in d\u00fcn L\u00fcbnan&#8217;a y\u00f6nelik siber sald\u0131r\u0131s\u0131 sonucunda \u015fehit say\u0131s\u0131n\u0131n \u015fu ana kadar ikisi \u00e7ocuk 12 \u015fehidine ula\u015ft\u0131\u011f\u0131n\u0131 a\u00e7\u0131klad\u0131. El Abyad L\u00fcbnan medyas\u0131na g\u00f6re bug\u00fcn d\u00fczenledi\u011fi bas\u0131n toplant\u0131s\u0131nda yaral\u0131 say\u0131s\u0131n\u0131n 300&#8217;\u00fc a\u011f\u0131r olmak \u00fczere 2 bin 750&#8217;ye ula\u015ft\u0131\u011f\u0131n\u0131, yaral\u0131lar aras\u0131nda g\u00fcneyde 750, Bekaa&#8217;da 150, Beyrut &hellip;<\/p>\n","protected":false},"author":41,"featured_media":308688,"comment_status":"closed","ping_status":"closed","sticky":false,"template":"","format":"standard","meta":{"footnotes":""},"categories":[458,459,17988],"tags":[42411,42409,42124,42410],"class_list":["post-308687","post","type-post","status-publish","format-standard","has-post-thumbnail","","category-dunya1","category-haberler-arap-uluslararasi-politika","category-son-haberler","tag-icom-cihazi","tag-lubnan-saglik-bakani-israilin-siber-saldirisi-sonucu-12-sehit-ve-2-bin-800-kisi-yaralandi","tag-lubnanda-son-durum","tag-pajer-cihazi"],"_links":{"self":[{"href":"https:\/\/archive.sana.sy\/tr\/index.php?rest_route=\/wp\/v2\/posts\/308687","targetHints":{"allow":["GET"]}}],"collection":[{"href":"https:\/\/archive.sana.sy\/tr\/index.php?rest_route=\/wp\/v2\/posts"}],"about":[{"href":"https:\/\/archive.sana.sy\/tr\/index.php?rest_route=\/wp\/v2\/types\/post"}],"author":[{"embeddable":true,"href":"https:\/\/archive.sana.sy\/tr\/index.php?rest_route=\/wp\/v2\/users\/41"}],"replies":[{"embeddable":true,"href":"https:\/\/archive.sana.sy\/tr\/index.php?rest_route=%2Fwp%2Fv2%2Fcomments&post=308687"}],"version-history":[{"count":2,"href":"https:\/\/archive.sana.sy\/tr\/index.php?rest_route=\/wp\/v2\/posts\/308687\/revisions"}],"predecessor-version":[{"id":308690,"href":"https:\/\/archive.sana.sy\/tr\/index.php?rest_route=\/wp\/v2\/posts\/308687\/revisions\/308690"}],"wp:featuredmedia":[{"embeddable":true,"href":"https:\/\/archive.sana.sy\/tr\/index.php?rest_route=\/wp\/v2\/media\/308688"}],"wp:attachment":[{"href":"https:\/\/archive.sana.sy\/tr\/index.php?rest_route=%2Fwp%2Fv2%2Fmedia&parent=308687"}],"wp:term":[{"taxonomy":"category","embeddable":true,"href":"https:\/\/archive.sana.sy\/tr\/index.php?rest_route=%2Fwp%2Fv2%2Fcategories&post=308687"},{"taxonomy":"post_tag","embeddable":true,"href":"https:\/\/archive.sana.sy\/tr\/index.php?rest_route=%2Fwp%2Fv2%2Ftags&post=308687"}],"curies":[{"name":"wp","href":"https:\/\/api.w.org\/{rel}","templated":true}]}}