{"id":308692,"date":"2024-09-18T22:21:29","date_gmt":"2024-09-18T19:21:29","guid":{"rendered":"https:\/\/sana.sy\/tr\/?p=308692"},"modified":"2024-09-24T14:46:03","modified_gmt":"2024-09-24T11:46:03","slug":"lubnanin-cesitli-bolgelerini-etkileyen-yeni-siber-saldirida-9-sehit-ve-300den-fazla-kisi-yaralandi","status":"publish","type":"post","link":"https:\/\/archive.sana.sy\/tr\/?p=308692","title":{"rendered":"L\u00fcbnan&#8217;\u0131n \u00c7e\u015fitli B\u00f6lgelerini Etkileyen Yeni Siber Sald\u0131r\u0131s\u0131nda 20 \u015eehit D\u00fc\u015ft\u00fc Ve 450&#8217;den Fazla Ki\u015fi Yaraland\u0131"},"content":{"rendered":"<p style=\"text-align: justify;\"><strong>BEYRUT \u00a0(SANA) &#8211;<\/strong> Beyrut ve L\u00fcbnan&#8217;\u0131n \u00e7e\u015fitli b\u00f6lgelerinde telsiz ileti\u015fim cihazlar\u0131n\u0131 hedef alan yeni siber sald\u0131r\u0131 sonucu 20 ki\u015fi \u015fehit d\u00fc\u015ft\u00fc, 450&#8217;den fazla ki\u015fi de yaraland\u0131.<\/p>\n<p style=\"text-align: justify;\">L\u00fcbnan Sa\u011fl\u0131k Bakanl\u0131\u011f\u0131 Halk Sa\u011fl\u0131\u011f\u0131 Acil Durum Operasyon Merkezi, yeni dalga radyo patlamalar\u0131n\u0131n ilk sonucu olarak yeni siber sald\u0131r\u0131n\u0131n 20 ki\u015finin \u00f6l\u00fcm\u00fc ve 450 ki\u015finin yaralanmas\u0131yla sonu\u00e7land\u0131\u011f\u0131n\u0131 belirtti.<\/p>\n<p style=\"text-align: justify;\">Ulusal Haber Ajans\u0131, Hermel&#8217;de kablosuz cihazlar\u0131n patlamas\u0131 sonucu 9 ki\u015finin yaraland\u0131\u011f\u0131n\u0131 bildirdi. \u00a0&#8220;Bat\u0131 Bekaa&#8221; ve &#8220;Ra\u015faya&#8221; il\u00e7esine ba\u011fl\u0131 &#8220;\u015eamur&#8221; kasabas\u0131nda da kablosuz cihazlar\u0131n patlamas\u0131 sonucu 3 ki\u015fi yaraland\u0131. \u201cBaalbek\u201dte onlarca yaralanman\u0131n yan\u0131 s\u0131ra, Bekaa Vadisi&#8217;nin &#8220;Ali El Nahri&#8221; kasabas\u0131ndaki &#8220;Ho\u015f El \u011eanam&#8221; yolunda da cihazlardan birinin patlamas\u0131 sonucu 2 ki\u015fi yaraland\u0131. Jdeydet Marjayun&#8217;da mezarl\u0131\u011f\u0131n kar\u015f\u0131s\u0131ndaki bir araban\u0131n i\u00e7inde \u00e7a\u011fr\u0131 cihaz\u0131 patlad\u0131. Ambulans ekiplerinin yaral\u0131lar\u0131 hastanelere nakletmek i\u00e7in \u00e7al\u0131\u015fmalar\u0131n\u0131 s\u00fcrd\u00fcrd\u00fc\u011f\u00fc kaydedildi.<\/p>\n<p style=\"text-align: justify;\">Ajans, &#8220;Sur&#8221;da sahiplerinin elinde ve evlerin i\u00e7inde \u00e7ok say\u0131da &#8220;Icom&#8221; telsiz cihaz\u0131n\u0131n patlad\u0131\u011f\u0131n\u0131 ve Doris kasabas\u0131nda eski tarz bir &#8220;Icom V82&#8221; cihaz\u0131n\u0131n patlad\u0131\u011f\u0131n\u0131 kaydetti. Mervaniye kasabas\u0131nda \u00e7ok say\u0131da evde g\u00fcne\u015f enerjisi sisteminin patlamas\u0131yla e\u015f zamanl\u0131 olarak \u00e7e\u015fitli b\u00f6lgelerde meydana gelen patlamalarda bir k\u0131z \u00e7ocu\u011fu yaraland\u0131.<\/p>\n<p style=\"text-align: justify;\">Medya kaynaklar\u0131na g\u00f6re, d\u00fcn \u00e7a\u011fr\u0131 cihaz\u0131 bombalamalar\u0131n\u0131n ard\u0131ndan direni\u015fin ald\u0131\u011f\u0131 g\u00fcvenlik \u00f6nlemleri bug\u00fcnk\u00fc siber sald\u0131rganl\u0131\u011f\u0131n bir k\u0131sm\u0131n\u0131 engelledi.<\/p>\n<p style=\"text-align: center;\"><strong><a href=\"https:\/\/t.me\/SuriyeArapHaberAjansI\">Telegram Kanal\u0131m\u0131z\u00a0<\/a>||<a href=\"https:\/\/twitter.com\/arap_ajans\">X Platformumuz\u00a0<\/a>||<a href=\"https:\/\/www.facebook.com\/SANAHaberAjansi\/\">Facebook Sayfam\u0131z<\/a><\/strong><\/p>\n","protected":false},"excerpt":{"rendered":"<p>BEYRUT \u00a0(SANA) &#8211; Beyrut ve L\u00fcbnan&#8217;\u0131n \u00e7e\u015fitli b\u00f6lgelerinde telsiz ileti\u015fim cihazlar\u0131n\u0131 hedef alan yeni siber sald\u0131r\u0131 sonucu 20 ki\u015fi \u015fehit d\u00fc\u015ft\u00fc, 450&#8217;den fazla ki\u015fi de yaraland\u0131. L\u00fcbnan Sa\u011fl\u0131k Bakanl\u0131\u011f\u0131 Halk Sa\u011fl\u0131\u011f\u0131 Acil Durum Operasyon Merkezi, yeni dalga radyo patlamalar\u0131n\u0131n ilk sonucu olarak yeni siber sald\u0131r\u0131n\u0131n 20 ki\u015finin \u00f6l\u00fcm\u00fc ve 450 ki\u015finin yaralanmas\u0131yla sonu\u00e7land\u0131\u011f\u0131n\u0131 belirtti. Ulusal &hellip;<\/p>\n","protected":false},"author":43,"featured_media":308693,"comment_status":"closed","ping_status":"closed","sticky":false,"template":"","format":"standard","meta":{"footnotes":""},"categories":[458,459,575,17988],"tags":[],"class_list":["post-308692","post","type-post","status-publish","format-standard","has-post-thumbnail","","category-dunya1","category-haberler-arap-uluslararasi-politika","category-olaylar-ve-gercekler","category-son-haberler"],"_links":{"self":[{"href":"https:\/\/archive.sana.sy\/tr\/index.php?rest_route=\/wp\/v2\/posts\/308692","targetHints":{"allow":["GET"]}}],"collection":[{"href":"https:\/\/archive.sana.sy\/tr\/index.php?rest_route=\/wp\/v2\/posts"}],"about":[{"href":"https:\/\/archive.sana.sy\/tr\/index.php?rest_route=\/wp\/v2\/types\/post"}],"author":[{"embeddable":true,"href":"https:\/\/archive.sana.sy\/tr\/index.php?rest_route=\/wp\/v2\/users\/43"}],"replies":[{"embeddable":true,"href":"https:\/\/archive.sana.sy\/tr\/index.php?rest_route=%2Fwp%2Fv2%2Fcomments&post=308692"}],"version-history":[{"count":5,"href":"https:\/\/archive.sana.sy\/tr\/index.php?rest_route=\/wp\/v2\/posts\/308692\/revisions"}],"predecessor-version":[{"id":308722,"href":"https:\/\/archive.sana.sy\/tr\/index.php?rest_route=\/wp\/v2\/posts\/308692\/revisions\/308722"}],"wp:featuredmedia":[{"embeddable":true,"href":"https:\/\/archive.sana.sy\/tr\/index.php?rest_route=\/wp\/v2\/media\/308693"}],"wp:attachment":[{"href":"https:\/\/archive.sana.sy\/tr\/index.php?rest_route=%2Fwp%2Fv2%2Fmedia&parent=308692"}],"wp:term":[{"taxonomy":"category","embeddable":true,"href":"https:\/\/archive.sana.sy\/tr\/index.php?rest_route=%2Fwp%2Fv2%2Fcategories&post=308692"},{"taxonomy":"post_tag","embeddable":true,"href":"https:\/\/archive.sana.sy\/tr\/index.php?rest_route=%2Fwp%2Fv2%2Ftags&post=308692"}],"curies":[{"name":"wp","href":"https:\/\/api.w.org\/{rel}","templated":true}]}}