{"id":308696,"date":"2024-09-18T21:52:25","date_gmt":"2024-09-18T18:52:25","guid":{"rendered":"https:\/\/sana.sy\/tr\/?p=308696"},"modified":"2024-09-18T21:52:25","modified_gmt":"2024-09-18T18:52:25","slug":"birlesmis-milletler-genel-kurulu-israilin-filistin-topraklarindaki-isgaline-son-vermesini-talep-eden-bir-karari-oy-cokluguyla-kabul-etti","status":"publish","type":"post","link":"https:\/\/archive.sana.sy\/tr\/?p=308696","title":{"rendered":"Birle\u015fmi\u015f Milletler Genel Kurulu, \u201c\u0130srail\u201din Filistin Topraklar\u0131ndaki \u0130\u015fgaline Son Vermesini Talep Eden Bir Karar\u0131 Oy \u00c7oklu\u011fuyla Kabul Etti"},"content":{"rendered":"<p style=\"text-align: justify;\"><strong>NEW YORK (SANA)-<\/strong> Bug\u00fcn, Birle\u015fmi\u015f Milletler Genel Kurulu ezici bir \u00e7o\u011funlukla, \u0130srail i\u015fgaline 12 ay i\u00e7inde Filistin topraklar\u0131ndaki i\u015fgaline son verme \u00e7a\u011fr\u0131s\u0131nda bulunan bir karar\u0131 kabul etti.<\/p>\n<p style=\"text-align: justify;\">Filistin&#8217;in, Genel Kurul&#8217;un daha \u00f6nceki bir karar\u0131 uyar\u0131nca ek ayr\u0131cal\u0131klar elde ettikten sonra ilk kez Genel Kurul&#8217;un onuncu acil \u00f6zel oturumunda sundu\u011fu karar tasla\u011f\u0131na 124 \u00fclke lehte oy verdi.\u00a0\u00a0Oylamada 43 \u00fclke \u00e7ekimser kal\u0131rken, i\u015fgalci g\u00fc\u00e7 ve 13 \u00fclke karar tasla\u011f\u0131na kar\u015f\u0131 \u00e7\u0131kt\u0131.<\/p>\n<p style=\"text-align: justify;\">Genel Kurul&#8217;un, \u0130srail&#8217;in Filistin&#8217;deki politika ve uygulamalar\u0131n\u0131n hukuki sonu\u00e7lar\u0131na ili\u015fkin Uluslararas\u0131 Adalet Divan\u0131&#8217;ndan talep etti\u011fi isti\u015fari g\u00f6r\u00fc\u015f \u00fczerine kabul edilen karar\u0131nda, \u0130srail&#8217;in i\u015fgal edilen b\u00f6lgedeki yasad\u0131\u015f\u0131 varl\u0131\u011f\u0131n\u0131 geciktirmeden en ge\u00e7 12 ayda i\u015fgalci g\u00fcce son vermesi, Uluslararas\u0131 Adalet Divan\u0131 taraf\u0131ndan \u015fart ko\u015fulanlar da dahil olmak \u00fczere, uluslararas\u0131 hukukun dayatt\u0131\u011f\u0131 t\u00fcm y\u00fck\u00fcml\u00fcl\u00fcklere uymas\u0131 ve i\u015fgal etti\u011fi Filistin topraklar\u0131ndan t\u00fcm askeri g\u00fc\u00e7lerini geri \u00e7ekmesini talep edildi.<\/p>\n<p style=\"text-align: justify;\">Kararda ayr\u0131ca \u201c\u0130srail\u201de, yerle\u015fim operasyonlar\u0131n\u0131n derhal durdurmas\u0131, t\u00fcm yerle\u015fimcilerin i\u015fgal edilen Filistin topraklar\u0131ndan tahliye etmesi, apartheid duvar\u0131n\u0131n baz\u0131 k\u0131s\u0131mlar\u0131n\u0131n s\u00f6kmesi ve Filistin topraklar\u0131n\u0131n, di\u011fer m\u00fclklerinin ve sahip olunan t\u00fcm varl\u0131klar\u0131n iade etmesi de dahil olmak \u00fczere yasad\u0131\u015f\u0131 politika ve uygulamalar\u0131na son vermesi \u00e7a\u011fr\u0131s\u0131nda bulunuludu. \u0130\u015fgalin ba\u015flad\u0131\u011f\u0131 1967 y\u0131l\u0131ndan bu yana ele ge\u00e7irilen Filistinlilerin as\u0131l ikamet yerlerine d\u00f6nmelerine izin vermesi ve Filistin halk\u0131n\u0131n kendi kaderini tayin etme hakk\u0131 da dahil olmak \u00fczere kendi kaderini tayin hakk\u0131n\u0131 kullanmas\u0131na i\u015fgal alt\u0131ndaki Filistin topraklar\u0131n\u0131n tamam\u0131 \u00fczerinde ba\u011f\u0131ms\u0131z, egemen bir devlet kurmas\u0131na engel olmamas\u0131na, Kararda, Genel Kurul, t\u00fcm devletleri uluslararas\u0131 hukuk kapsam\u0131ndaki y\u00fck\u00fcml\u00fcl\u00fcklerine uymaya \u00e7a\u011f\u0131r\u0131s\u0131nda bulundu.<\/p>\n<p style=\"text-align: justify;\">Kararda, Birle\u015fmi\u015f Milletler&#8217;in Filistin&#8217;e ili\u015fkin kararlar\u0131n\u0131n uygulanmas\u0131 amac\u0131yla 79. Genel Kurul toplant\u0131s\u0131nda uluslararas\u0131 bir konferans d\u00fczenlenmesi de kararla\u015ft\u0131r\u0131ld\u0131. Kararda, Genel Sekreter&#8217;in bu karar\u0131n uygulanmas\u0131na ili\u015fkin 3 ay i\u00e7inde Genel Kurul&#8217;a bir rapor sunmas\u0131 talep edildi.<\/p>\n<p style=\"text-align: center;\"><strong><a href=\"https:\/\/t.me\/SuriyeArapHaberAjansI\">Telegram Kanal\u0131m\u0131z\u00a0<\/a>||<a href=\"https:\/\/twitter.com\/arap_ajans\">X Platformumuz\u00a0<\/a>||<a href=\"https:\/\/www.facebook.com\/SANAHaberAjansi\/\">Facebook Sayfam\u0131z<\/a><\/strong><\/p>\n","protected":false},"excerpt":{"rendered":"<p>NEW YORK (SANA)- Bug\u00fcn, Birle\u015fmi\u015f Milletler Genel Kurulu ezici bir \u00e7o\u011funlukla, \u0130srail i\u015fgaline 12 ay i\u00e7inde Filistin topraklar\u0131ndaki i\u015fgaline son verme \u00e7a\u011fr\u0131s\u0131nda bulunan bir karar\u0131 kabul etti. Filistin&#8217;in, Genel Kurul&#8217;un daha \u00f6nceki bir karar\u0131 uyar\u0131nca ek ayr\u0131cal\u0131klar elde ettikten sonra ilk kez Genel Kurul&#8217;un onuncu acil \u00f6zel oturumunda sundu\u011fu karar tasla\u011f\u0131na 124 \u00fclke lehte oy &hellip;<\/p>\n","protected":false},"author":43,"featured_media":308697,"comment_status":"closed","ping_status":"closed","sticky":false,"template":"","format":"standard","meta":{"footnotes":""},"categories":[458,589,459,17988],"tags":[],"class_list":["post-308696","post","type-post","status-publish","format-standard","has-post-thumbnail","","category-dunya1","category-haber-seridi","category-haberler-arap-uluslararasi-politika","category-son-haberler"],"_links":{"self":[{"href":"https:\/\/archive.sana.sy\/tr\/index.php?rest_route=\/wp\/v2\/posts\/308696","targetHints":{"allow":["GET"]}}],"collection":[{"href":"https:\/\/archive.sana.sy\/tr\/index.php?rest_route=\/wp\/v2\/posts"}],"about":[{"href":"https:\/\/archive.sana.sy\/tr\/index.php?rest_route=\/wp\/v2\/types\/post"}],"author":[{"embeddable":true,"href":"https:\/\/archive.sana.sy\/tr\/index.php?rest_route=\/wp\/v2\/users\/43"}],"replies":[{"embeddable":true,"href":"https:\/\/archive.sana.sy\/tr\/index.php?rest_route=%2Fwp%2Fv2%2Fcomments&post=308696"}],"version-history":[{"count":1,"href":"https:\/\/archive.sana.sy\/tr\/index.php?rest_route=\/wp\/v2\/posts\/308696\/revisions"}],"predecessor-version":[{"id":308698,"href":"https:\/\/archive.sana.sy\/tr\/index.php?rest_route=\/wp\/v2\/posts\/308696\/revisions\/308698"}],"wp:featuredmedia":[{"embeddable":true,"href":"https:\/\/archive.sana.sy\/tr\/index.php?rest_route=\/wp\/v2\/media\/308697"}],"wp:attachment":[{"href":"https:\/\/archive.sana.sy\/tr\/index.php?rest_route=%2Fwp%2Fv2%2Fmedia&parent=308696"}],"wp:term":[{"taxonomy":"category","embeddable":true,"href":"https:\/\/archive.sana.sy\/tr\/index.php?rest_route=%2Fwp%2Fv2%2Fcategories&post=308696"},{"taxonomy":"post_tag","embeddable":true,"href":"https:\/\/archive.sana.sy\/tr\/index.php?rest_route=%2Fwp%2Fv2%2Ftags&post=308696"}],"curies":[{"name":"wp","href":"https:\/\/api.w.org\/{rel}","templated":true}]}}