{"id":308699,"date":"2024-09-19T10:35:29","date_gmt":"2024-09-19T07:35:29","guid":{"rendered":"https:\/\/sana.sy\/tr\/?p=308699"},"modified":"2024-09-24T14:46:08","modified_gmt":"2024-09-24T11:46:08","slug":"dusman-israil-lubnana-saldirganliklarini-yeniledi","status":"publish","type":"post","link":"https:\/\/archive.sana.sy\/tr\/?p=308699","title":{"rendered":"D\u00fc\u015fman \u0130srail L\u00fcbnan&#8217;a Sald\u0131rganl\u0131klar\u0131n\u0131 Yeniledi"},"content":{"rendered":"<p style=\"text-align: justify;\"><strong>BEYRUT (SANA)<\/strong> \u2013 D\u00fc\u015fman \u0130srail, L\u00fcbnan&#8217;\u0131n g\u00fcneyindeki k\u00f6y ve kasabalara y\u00f6nelik sald\u0131rganl\u0131klar\u0131n\u0131 s\u00fcrd\u00fcr\u00fcrken, sava\u015f u\u00e7aklar\u0131 bug\u00fcn \u015fafak vakti Kafr Kiyla kasabas\u0131n\u0131 4 f\u00fczeyle hedef alan hava sald\u0131rganl\u0131klar\u0131 d\u00fczenledi.<\/p>\n<p style=\"text-align: justify;\">L\u00fcbnan Ulusal Haber Ajans\u0131&#8217;na g\u00f6re, Yater ve Hadatha kasabalar\u0131n\u0131n eteklerine yap\u0131lan d\u00fc\u015fman top\u00e7u bombard\u0131man\u0131na denk gelen, Siyonist sava\u015f u\u00e7aklar\u0131, El Cabin ve \u015eihin kasabalar\u0131 aras\u0131ndaki b\u00f6lgeye iki f\u00fczeyle hava sald\u0131rganl\u0131klar\u0131 d\u00fczenledi.<\/p>\n<p style=\"text-align: justify;\">\u0130srail sava\u015f u\u00e7aklar\u0131, Beyit Lif, Ayta El Cabal, Ramiya ve Cabal Balat kasabalar\u0131n\u0131n yo\u011fun top\u00e7u bombard\u0131man\u0131na maruz kald\u0131\u011f\u0131 zamana denk gelen Hiam \u015fehrine hava sald\u0131rganl\u0131klar\u0131 da d\u00fczenledi.<\/p>\n<p style=\"text-align: justify;\">D\u00fc\u015fman u\u00e7aklar\u0131 Taybeh, Mays El Cabal, Bilda kasabalar\u0131 ve Salhani b\u00f6lgelerine hava sald\u0131rganl\u0131klar\u0131 d\u00fczenledi.<\/p>\n<p style=\"text-align: center;\"><strong><a href=\"https:\/\/t.me\/SuriyeArapHaberAjansI\">Telegram Kanal\u0131m\u0131z\u00a0<\/a>||<a href=\"https:\/\/twitter.com\/arap_ajans\">X Platformumuz\u00a0<\/a>||<a href=\"https:\/\/www.facebook.com\/SANAHaberAjansi\/\">Facebook Sayfam\u0131z<\/a><\/strong><\/p>\n","protected":false},"excerpt":{"rendered":"<p>BEYRUT (SANA) \u2013 D\u00fc\u015fman \u0130srail, L\u00fcbnan&#8217;\u0131n g\u00fcneyindeki k\u00f6y ve kasabalara y\u00f6nelik sald\u0131rganl\u0131klar\u0131n\u0131 s\u00fcrd\u00fcr\u00fcrken, sava\u015f u\u00e7aklar\u0131 bug\u00fcn \u015fafak vakti Kafr Kiyla kasabas\u0131n\u0131 4 f\u00fczeyle hedef alan hava sald\u0131rganl\u0131klar\u0131 d\u00fczenledi. L\u00fcbnan Ulusal Haber Ajans\u0131&#8217;na g\u00f6re, Yater ve Hadatha kasabalar\u0131n\u0131n eteklerine yap\u0131lan d\u00fc\u015fman top\u00e7u bombard\u0131man\u0131na denk gelen, Siyonist sava\u015f u\u00e7aklar\u0131, El Cabin ve \u015eihin kasabalar\u0131 aras\u0131ndaki b\u00f6lgeye iki &hellip;<\/p>\n","protected":false},"author":39,"featured_media":308700,"comment_status":"closed","ping_status":"closed","sticky":false,"template":"","format":"standard","meta":{"footnotes":""},"categories":[458,459,17988],"tags":[],"class_list":["post-308699","post","type-post","status-publish","format-standard","has-post-thumbnail","","category-dunya1","category-haberler-arap-uluslararasi-politika","category-son-haberler"],"_links":{"self":[{"href":"https:\/\/archive.sana.sy\/tr\/index.php?rest_route=\/wp\/v2\/posts\/308699","targetHints":{"allow":["GET"]}}],"collection":[{"href":"https:\/\/archive.sana.sy\/tr\/index.php?rest_route=\/wp\/v2\/posts"}],"about":[{"href":"https:\/\/archive.sana.sy\/tr\/index.php?rest_route=\/wp\/v2\/types\/post"}],"author":[{"embeddable":true,"href":"https:\/\/archive.sana.sy\/tr\/index.php?rest_route=\/wp\/v2\/users\/39"}],"replies":[{"embeddable":true,"href":"https:\/\/archive.sana.sy\/tr\/index.php?rest_route=%2Fwp%2Fv2%2Fcomments&post=308699"}],"version-history":[{"count":2,"href":"https:\/\/archive.sana.sy\/tr\/index.php?rest_route=\/wp\/v2\/posts\/308699\/revisions"}],"predecessor-version":[{"id":308721,"href":"https:\/\/archive.sana.sy\/tr\/index.php?rest_route=\/wp\/v2\/posts\/308699\/revisions\/308721"}],"wp:featuredmedia":[{"embeddable":true,"href":"https:\/\/archive.sana.sy\/tr\/index.php?rest_route=\/wp\/v2\/media\/308700"}],"wp:attachment":[{"href":"https:\/\/archive.sana.sy\/tr\/index.php?rest_route=%2Fwp%2Fv2%2Fmedia&parent=308699"}],"wp:term":[{"taxonomy":"category","embeddable":true,"href":"https:\/\/archive.sana.sy\/tr\/index.php?rest_route=%2Fwp%2Fv2%2Fcategories&post=308699"},{"taxonomy":"post_tag","embeddable":true,"href":"https:\/\/archive.sana.sy\/tr\/index.php?rest_route=%2Fwp%2Fv2%2Ftags&post=308699"}],"curies":[{"name":"wp","href":"https:\/\/api.w.org\/{rel}","templated":true}]}}