{"id":308702,"date":"2024-09-19T10:44:22","date_gmt":"2024-09-19T07:44:22","guid":{"rendered":"https:\/\/sana.sy\/tr\/?p=308702"},"modified":"2024-09-24T14:46:09","modified_gmt":"2024-09-24T11:46:09","slug":"isgalcilerin-gazze-seridine-duzenledigi-hava-saldirganliklarinda-8-filistinli-sehit-dustu","status":"publish","type":"post","link":"https:\/\/archive.sana.sy\/tr\/?p=308702","title":{"rendered":"\u0130\u015fgalcilerin Gazze \u015eeridi&#8217;ne D\u00fczenledi\u011fi Hava Sald\u0131rganl\u0131klar\u0131nda 8 Filistinli \u015eehit D\u00fc\u015ft\u00fc"},"content":{"rendered":"<p style=\"text-align: justify;\"><strong>\u0130\u015eGAL ED\u0130LEN KUD\u00dcS (SANA)<\/strong> \u2013 \u0130srail i\u015fgal u\u00e7aklar\u0131n\u0131n bug\u00fcn \u015fafak vakti Gazze \u015eehri ve Gazze \u015eeridi&#8217;nin kuzeyindeki Cebeliye kamp\u0131n\u0131 bombalamas\u0131 sonucu 8 Filistinli \u015fehit d\u00fc\u015ft\u00fc, \u00e7ok say\u0131da ki\u015fi de yaraland\u0131.<\/p>\n<p style=\"text-align: justify;\">Filistin medyas\u0131, i\u015fgal u\u00e7aklar\u0131n\u0131n Gazze \u015fehrinin g\u00fcneyindeki El Sabra mahallesindeki iki evi ve \u015eeridi&#8217;nin kuzeyindeki Cebeliye kamp\u0131n\u0131 bombalayarak sekiz Filistinlinin \u015fehit d\u00fc\u015fmesine ve di\u011ferlerinin de yaralanmas\u0131na yol a\u00e7t\u0131\u011f\u0131n\u0131 bildirdi.<\/p>\n<p style=\"text-align: justify;\">Ge\u00e7ti\u011fimiz Ekim ay\u0131n\u0131n 7&#8217;sinde \u0130srail sald\u0131rganl\u0131\u011f\u0131n\u0131n ba\u015flamas\u0131ndan bu yana Gazze \u015eeridi&#8217;nde \u00e7o\u011funlu\u011fu \u00e7ocuk ve kad\u0131n olmak \u00fczere \u015fehit say\u0131s\u0131 41 bin 272&#8217;ye y\u00fckseldi, 95 bin 551 ki\u015fi de yaraland\u0131.<\/p>\n<p style=\"text-align: center;\"><strong><a href=\"https:\/\/t.me\/SuriyeArapHaberAjansI\">Telegram Kanal\u0131m\u0131z\u00a0<\/a>||<a href=\"https:\/\/twitter.com\/arap_ajans\">X Platformumuz\u00a0<\/a>||<a href=\"https:\/\/www.facebook.com\/SANAHaberAjansi\/\">Facebook Sayfam\u0131z<\/a><\/strong><\/p>\n","protected":false},"excerpt":{"rendered":"<p>\u0130\u015eGAL ED\u0130LEN KUD\u00dcS (SANA) \u2013 \u0130srail i\u015fgal u\u00e7aklar\u0131n\u0131n bug\u00fcn \u015fafak vakti Gazze \u015eehri ve Gazze \u015eeridi&#8217;nin kuzeyindeki Cebeliye kamp\u0131n\u0131 bombalamas\u0131 sonucu 8 Filistinli \u015fehit d\u00fc\u015ft\u00fc, \u00e7ok say\u0131da ki\u015fi de yaraland\u0131. Filistin medyas\u0131, i\u015fgal u\u00e7aklar\u0131n\u0131n Gazze \u015fehrinin g\u00fcneyindeki El Sabra mahallesindeki iki evi ve \u015eeridi&#8217;nin kuzeyindeki Cebeliye kamp\u0131n\u0131 bombalayarak sekiz Filistinlinin \u015fehit d\u00fc\u015fmesine ve di\u011ferlerinin de &hellip;<\/p>\n","protected":false},"author":39,"featured_media":308703,"comment_status":"closed","ping_status":"closed","sticky":false,"template":"","format":"standard","meta":{"footnotes":""},"categories":[458,459,17988],"tags":[],"class_list":["post-308702","post","type-post","status-publish","format-standard","has-post-thumbnail","","category-dunya1","category-haberler-arap-uluslararasi-politika","category-son-haberler"],"_links":{"self":[{"href":"https:\/\/archive.sana.sy\/tr\/index.php?rest_route=\/wp\/v2\/posts\/308702","targetHints":{"allow":["GET"]}}],"collection":[{"href":"https:\/\/archive.sana.sy\/tr\/index.php?rest_route=\/wp\/v2\/posts"}],"about":[{"href":"https:\/\/archive.sana.sy\/tr\/index.php?rest_route=\/wp\/v2\/types\/post"}],"author":[{"embeddable":true,"href":"https:\/\/archive.sana.sy\/tr\/index.php?rest_route=\/wp\/v2\/users\/39"}],"replies":[{"embeddable":true,"href":"https:\/\/archive.sana.sy\/tr\/index.php?rest_route=%2Fwp%2Fv2%2Fcomments&post=308702"}],"version-history":[{"count":1,"href":"https:\/\/archive.sana.sy\/tr\/index.php?rest_route=\/wp\/v2\/posts\/308702\/revisions"}],"predecessor-version":[{"id":308704,"href":"https:\/\/archive.sana.sy\/tr\/index.php?rest_route=\/wp\/v2\/posts\/308702\/revisions\/308704"}],"wp:featuredmedia":[{"embeddable":true,"href":"https:\/\/archive.sana.sy\/tr\/index.php?rest_route=\/wp\/v2\/media\/308703"}],"wp:attachment":[{"href":"https:\/\/archive.sana.sy\/tr\/index.php?rest_route=%2Fwp%2Fv2%2Fmedia&parent=308702"}],"wp:term":[{"taxonomy":"category","embeddable":true,"href":"https:\/\/archive.sana.sy\/tr\/index.php?rest_route=%2Fwp%2Fv2%2Fcategories&post=308702"},{"taxonomy":"post_tag","embeddable":true,"href":"https:\/\/archive.sana.sy\/tr\/index.php?rest_route=%2Fwp%2Fv2%2Ftags&post=308702"}],"curies":[{"name":"wp","href":"https:\/\/api.w.org\/{rel}","templated":true}]}}