{"id":308707,"date":"2024-09-19T11:08:33","date_gmt":"2024-09-19T08:08:33","guid":{"rendered":"https:\/\/sana.sy\/tr\/?p=308707"},"modified":"2024-09-24T14:46:12","modified_gmt":"2024-09-24T11:46:12","slug":"lubnan-direnisi-cesitli-noktalarinda-dusman-israili-hedef-aldi","status":"publish","type":"post","link":"https:\/\/archive.sana.sy\/tr\/?p=308707","title":{"rendered":"L\u00fcbnan Direni\u015fi, \u00c7e\u015fitli Noktalar\u0131nda D\u00fc\u015fman \u0130srail&#8217;i Hedef Ald\u0131"},"content":{"rendered":"<p style=\"text-align: justify;\"><strong>BEYRUT (SANA)<\/strong> \u2013L\u00fcbnan direni\u015fi bug\u00fcn, \u0130srail&#8217;in L\u00fcbnan-Filistin s\u0131n\u0131r\u0131ndaki d\u00fc\u015fman b\u00f6lgelerini ve yo\u011funla\u015fmalar\u0131n\u0131 hedef alarak do\u011frudan kay\u0131plara neden oldu.<\/p>\n<p style=\"text-align: justify;\">Direni\u015f, yapt\u0131\u011f\u0131 a\u00e7\u0131klamalarda, &#8220;Gazze \u015eeridi&#8217;ndeki kararl\u0131 Filistin halk\u0131na, onlar\u0131n cesur ve onurlu direni\u015fine destek olarak ve i\u015fgalci \u0130srail&#8217;in, \u00f6zellikle Macdal Salam ve Blida kasabalar\u0131ndaki kararl\u0131 g\u00fcney k\u00f6ylerine ve g\u00fcvenli evlere y\u00f6nelik sald\u0131rganl\u0131klar\u0131na yan\u0131t olarak, direni\u015f, \u0130srail&#8217;in Neve Zev&#8217;deki top\u00e7u mevzilerini Katyu\u015fa f\u00fczeleriyle hedef ald\u0131&#8221; dedi.<\/p>\n<p style=\"text-align: justify;\">Direni\u015f, Beyt Hillal k\u0131\u015flas\u0131ndaki Sahel Taburu karargah\u0131, Habu\u015fit sahas\u0131ndaki 810&#8217;uncu Hermon Tugay\u0131&#8217;na ait bir b\u00f6l\u00fc\u011f\u00fcn karargah\u0131n\u0131 Katyu\u015fa f\u00fczeleriyle hedef alarak do\u011frudan isabet elde etti.<\/p>\n<p style=\"text-align: justify;\">Bayad Blida b\u00f6lgesi top mermileriyle hedef al\u0131nd\u0131 ve do\u011frudan isabetler sa\u011fland\u0131.<\/p>\n<p style=\"text-align: center;\"><strong><a href=\"https:\/\/t.me\/SuriyeArapHaberAjansI\">Telegram Kanal\u0131m\u0131z\u00a0<\/a>||<a href=\"https:\/\/twitter.com\/arap_ajans\">X Platformumuz\u00a0<\/a>||<a href=\"https:\/\/www.facebook.com\/SANAHaberAjansi\/\">Facebook Sayfam\u0131z<\/a><\/strong><\/p>\n","protected":false},"excerpt":{"rendered":"<p>BEYRUT (SANA) \u2013L\u00fcbnan direni\u015fi bug\u00fcn, \u0130srail&#8217;in L\u00fcbnan-Filistin s\u0131n\u0131r\u0131ndaki d\u00fc\u015fman b\u00f6lgelerini ve yo\u011funla\u015fmalar\u0131n\u0131 hedef alarak do\u011frudan kay\u0131plara neden oldu. Direni\u015f, yapt\u0131\u011f\u0131 a\u00e7\u0131klamalarda, &#8220;Gazze \u015eeridi&#8217;ndeki kararl\u0131 Filistin halk\u0131na, onlar\u0131n cesur ve onurlu direni\u015fine destek olarak ve i\u015fgalci \u0130srail&#8217;in, \u00f6zellikle Macdal Salam ve Blida kasabalar\u0131ndaki kararl\u0131 g\u00fcney k\u00f6ylerine ve g\u00fcvenli evlere y\u00f6nelik sald\u0131rganl\u0131klar\u0131na yan\u0131t olarak, direni\u015f, \u0130srail&#8217;in Neve &hellip;<\/p>\n","protected":false},"author":39,"featured_media":308708,"comment_status":"closed","ping_status":"closed","sticky":false,"template":"","format":"standard","meta":{"footnotes":""},"categories":[458,459,17988],"tags":[],"class_list":["post-308707","post","type-post","status-publish","format-standard","has-post-thumbnail","","category-dunya1","category-haberler-arap-uluslararasi-politika","category-son-haberler"],"_links":{"self":[{"href":"https:\/\/archive.sana.sy\/tr\/index.php?rest_route=\/wp\/v2\/posts\/308707","targetHints":{"allow":["GET"]}}],"collection":[{"href":"https:\/\/archive.sana.sy\/tr\/index.php?rest_route=\/wp\/v2\/posts"}],"about":[{"href":"https:\/\/archive.sana.sy\/tr\/index.php?rest_route=\/wp\/v2\/types\/post"}],"author":[{"embeddable":true,"href":"https:\/\/archive.sana.sy\/tr\/index.php?rest_route=\/wp\/v2\/users\/39"}],"replies":[{"embeddable":true,"href":"https:\/\/archive.sana.sy\/tr\/index.php?rest_route=%2Fwp%2Fv2%2Fcomments&post=308707"}],"version-history":[{"count":2,"href":"https:\/\/archive.sana.sy\/tr\/index.php?rest_route=\/wp\/v2\/posts\/308707\/revisions"}],"predecessor-version":[{"id":308710,"href":"https:\/\/archive.sana.sy\/tr\/index.php?rest_route=\/wp\/v2\/posts\/308707\/revisions\/308710"}],"wp:featuredmedia":[{"embeddable":true,"href":"https:\/\/archive.sana.sy\/tr\/index.php?rest_route=\/wp\/v2\/media\/308708"}],"wp:attachment":[{"href":"https:\/\/archive.sana.sy\/tr\/index.php?rest_route=%2Fwp%2Fv2%2Fmedia&parent=308707"}],"wp:term":[{"taxonomy":"category","embeddable":true,"href":"https:\/\/archive.sana.sy\/tr\/index.php?rest_route=%2Fwp%2Fv2%2Fcategories&post=308707"},{"taxonomy":"post_tag","embeddable":true,"href":"https:\/\/archive.sana.sy\/tr\/index.php?rest_route=%2Fwp%2Fv2%2Ftags&post=308707"}],"curies":[{"name":"wp","href":"https:\/\/api.w.org\/{rel}","templated":true}]}}