{"id":308711,"date":"2024-09-19T14:30:38","date_gmt":"2024-09-19T11:30:38","guid":{"rendered":"https:\/\/sana.sy\/tr\/?p=308711"},"modified":"2024-09-24T14:46:18","modified_gmt":"2024-09-24T11:46:18","slug":"israilin-gazze-seridine-saldirganligi-sonucu-11-filistinli-sehit-dustu","status":"publish","type":"post","link":"https:\/\/archive.sana.sy\/tr\/?p=308711","title":{"rendered":"\u0130srail&#8217;in Gazze \u015eeridi&#8217;ne Sald\u0131rganl\u0131\u011f\u0131 Sonucu 11 Filistinli \u015eehit D\u00fc\u015ft\u00fc"},"content":{"rendered":"<p style=\"text-align: justify;\"><strong>\u0130\u015eGAL ED\u0130LEN KUD\u00dcS (SANA)<\/strong> &#8211; \u00a0\u0130srail&#8217;in Gazze \u015eeridi&#8217;nin \u00e7e\u015fitli b\u00f6lgelerine y\u00f6nelik sald\u0131rganl\u0131klar\u0131 sonucu bug\u00fcn 11 Filistinli \u015fehit oldu, \u00e7ok say\u0131da Filistinli de yaraland\u0131.<\/p>\n<p style=\"text-align: justify;\">Wafa Ajans\u0131, &#8221;\u0130\u015fgal g\u00fc\u00e7leri g\u00fcneyde Refah \u015fehrini, kuzeyde Cebeliye&#8217;deki bir evi, kuzeyde yeni Nuseyrat kamp\u0131n\u0131 ve Gazze \u015fehrinin g\u00fcneyinde El Selasini Caddesi&#8217;ni bombalad\u0131. Bu da 11 Filistinlinin \u00f6l\u00fcm\u00fcne ve aralar\u0131nda \u00e7ocuklar ve kad\u0131nlar\u0131n da bulundu\u011fu di\u011fer ki\u015filerin de yaralanmas\u0131na yol a\u00e7t\u0131&#8221; dedi.<\/p>\n<p style=\"text-align: justify;\">Ge\u00e7ti\u011fimiz 7 Ekim&#8217;de \u0130srail sald\u0131r\u0131s\u0131n\u0131n ba\u015flamas\u0131ndan bu yana Gazze \u015eeridi&#8217;nde \u015fehit say\u0131s\u0131 \u00e7o\u011funlu\u011fu \u00e7ocuk ve kad\u0131n olmak \u00fczere 41 bin 272&#8217;ye y\u00fckselirken, 95 bin 551 yaral\u0131 da binlerce kurban\u0131n h\u00e2l\u00e2 enkaz alt\u0131nda oldu\u011fu belirtiliyor.<\/p>\n<p style=\"text-align: center;\"><strong><a href=\"https:\/\/t.me\/SuriyeArapHaberAjansI\">Telegram Kanal\u0131m\u0131z\u00a0<\/a>||<a href=\"https:\/\/twitter.com\/arap_ajans\">X Platformumuz\u00a0<\/a>||<a href=\"https:\/\/www.facebook.com\/SANAHaberAjansi\/\">Facebook Sayfam\u0131z<\/a><\/strong><\/p>\n","protected":false},"excerpt":{"rendered":"<p>\u0130\u015eGAL ED\u0130LEN KUD\u00dcS (SANA) &#8211; \u00a0\u0130srail&#8217;in Gazze \u015eeridi&#8217;nin \u00e7e\u015fitli b\u00f6lgelerine y\u00f6nelik sald\u0131rganl\u0131klar\u0131 sonucu bug\u00fcn 11 Filistinli \u015fehit oldu, \u00e7ok say\u0131da Filistinli de yaraland\u0131. Wafa Ajans\u0131, &#8221;\u0130\u015fgal g\u00fc\u00e7leri g\u00fcneyde Refah \u015fehrini, kuzeyde Cebeliye&#8217;deki bir evi, kuzeyde yeni Nuseyrat kamp\u0131n\u0131 ve Gazze \u015fehrinin g\u00fcneyinde El Selasini Caddesi&#8217;ni bombalad\u0131. Bu da 11 Filistinlinin \u00f6l\u00fcm\u00fcne ve aralar\u0131nda \u00e7ocuklar ve &hellip;<\/p>\n","protected":false},"author":39,"featured_media":308712,"comment_status":"closed","ping_status":"closed","sticky":false,"template":"","format":"standard","meta":{"footnotes":""},"categories":[458,459,17988],"tags":[],"class_list":["post-308711","post","type-post","status-publish","format-standard","has-post-thumbnail","","category-dunya1","category-haberler-arap-uluslararasi-politika","category-son-haberler"],"_links":{"self":[{"href":"https:\/\/archive.sana.sy\/tr\/index.php?rest_route=\/wp\/v2\/posts\/308711","targetHints":{"allow":["GET"]}}],"collection":[{"href":"https:\/\/archive.sana.sy\/tr\/index.php?rest_route=\/wp\/v2\/posts"}],"about":[{"href":"https:\/\/archive.sana.sy\/tr\/index.php?rest_route=\/wp\/v2\/types\/post"}],"author":[{"embeddable":true,"href":"https:\/\/archive.sana.sy\/tr\/index.php?rest_route=\/wp\/v2\/users\/39"}],"replies":[{"embeddable":true,"href":"https:\/\/archive.sana.sy\/tr\/index.php?rest_route=%2Fwp%2Fv2%2Fcomments&post=308711"}],"version-history":[{"count":1,"href":"https:\/\/archive.sana.sy\/tr\/index.php?rest_route=\/wp\/v2\/posts\/308711\/revisions"}],"predecessor-version":[{"id":308713,"href":"https:\/\/archive.sana.sy\/tr\/index.php?rest_route=\/wp\/v2\/posts\/308711\/revisions\/308713"}],"wp:featuredmedia":[{"embeddable":true,"href":"https:\/\/archive.sana.sy\/tr\/index.php?rest_route=\/wp\/v2\/media\/308712"}],"wp:attachment":[{"href":"https:\/\/archive.sana.sy\/tr\/index.php?rest_route=%2Fwp%2Fv2%2Fmedia&parent=308711"}],"wp:term":[{"taxonomy":"category","embeddable":true,"href":"https:\/\/archive.sana.sy\/tr\/index.php?rest_route=%2Fwp%2Fv2%2Fcategories&post=308711"},{"taxonomy":"post_tag","embeddable":true,"href":"https:\/\/archive.sana.sy\/tr\/index.php?rest_route=%2Fwp%2Fv2%2Ftags&post=308711"}],"curies":[{"name":"wp","href":"https:\/\/api.w.org\/{rel}","templated":true}]}}