{"id":308715,"date":"2024-09-19T14:00:42","date_gmt":"2024-09-19T11:00:42","guid":{"rendered":"https:\/\/sana.sy\/tr\/?p=308715"},"modified":"2024-09-24T14:46:18","modified_gmt":"2024-09-24T11:46:18","slug":"pezeskiyan-islam-ulkelerinin-birligi-dusmanlara-karsi-guclerini-artirir","status":"publish","type":"post","link":"https:\/\/archive.sana.sy\/tr\/?p=308715","title":{"rendered":"Peze\u015fkiyan: \u0130slam \u00dclkelerinin Birli\u011fi, D\u00fc\u015fmanlara Kar\u015f\u0131 G\u00fc\u00e7lerini Art\u0131r\u0131r"},"content":{"rendered":"<p style=\"text-align: justify;\"><strong>TAHRAN <\/strong><strong>(SANA)<\/strong> &#8211; \u00a0\u0130ran Cumhurba\u015fkan\u0131 Mesud Peze\u015fkiyan, \u0130slam \u00fclkelerinin birlik ve beraberli\u011finin, aralar\u0131na ayr\u0131l\u0131k ve ayr\u0131l\u0131k tohumlar\u0131 ekmeye \u00e7al\u0131\u015fan d\u00fc\u015fman kar\u015f\u0131s\u0131nda g\u00fc\u00e7lerini art\u0131rd\u0131\u011f\u0131n\u0131 vurgulad\u0131.<\/p>\n<p style=\"text-align: justify;\">Peze\u015fkiyan, Tahran&#8217;daki 38. Uluslararas\u0131 \u0130slam Birli\u011fi Konferans\u0131&#8217;nda yapt\u0131\u011f\u0131 konu\u015fmada \u015funlar\u0131 s\u00f6yledi: &#8220;Bizim birle\u015femememiz, \u0130srail i\u015fgal varl\u0131\u011f\u0131na b\u00f6lgede su\u00e7 i\u015fleme cesareti verdi&#8221; diyerek, \u0130slam \u00fclkelerinin birle\u015fmesi halinde hi\u00e7bir g\u00fcc\u00fcn onlar\u0131 deviremeyece\u011fini, yok edemeyece\u011fini kaydetti.<\/p>\n<p style=\"text-align: justify;\">Uluslararas\u0131 \u0130slam Birli\u011fi Konferans\u0131&#8217;n\u0131n 38. oturumu bug\u00fcn \u201cFilistin meselesine odaklanarak ortak de\u011ferlerin elde edilmesi i\u00e7in \u0130slami i\u015fbirli\u011fi\u201d ba\u015fl\u0131\u011f\u0131 alt\u0131nda Suriye&#8217;nin kat\u0131l\u0131m\u0131yla Tahran&#8217;da ba\u015flad\u0131.<\/p>\n<p style=\"text-align: justify;\">Konferansa Suriye&#8217;nin Tahran B\u00fcy\u00fckel\u00e7isi \u015eefik Dayyub ile 2 bin 500 sivil ve askeri fig\u00fcr\u00fcn yan\u0131 s\u0131ra \u0130slam \u00fclkelerinden bir grup elit ve ayd\u0131n da kat\u0131l\u0131yor. Konferansa \u00e7e\u015fitli nedenlerle bizzat kat\u0131lamayan 230&#8217;u a\u015fk\u0131n din adam\u0131 ve ayd\u0131n, 16 sanal toplant\u0131da konu\u015fma yapacak.<\/p>\n<p style=\"text-align: justify;\">Konferans sekretaryas\u0131, 44&#8217;\u00fc 17 yabanc\u0131 \u00fclkeden olmak \u00fczere 313&#8217;\u00fcn \u00fczerinde makale ald\u0131 ve makalelerin \u00f6zetinin bir kitap\u00e7\u0131kta yay\u0131nlanmas\u0131 planlan\u0131yor. Bu y\u0131lki konferansta ayr\u0131ca \u0130slam d\u00fcnyas\u0131n\u0131n birli\u011fi alan\u0131nda 12 kitap tan\u0131t\u0131lacak.<\/p>\n<p style=\"text-align: center;\"><strong><a href=\"https:\/\/t.me\/SuriyeArapHaberAjansI\">Telegram Kanal\u0131m\u0131z\u00a0<\/a>||<a href=\"https:\/\/twitter.com\/arap_ajans\">X Platformumuz\u00a0<\/a>||<a href=\"https:\/\/www.facebook.com\/SANAHaberAjansi\/\">Facebook Sayfam\u0131z<\/a><\/strong><\/p>\n","protected":false},"excerpt":{"rendered":"<p>TAHRAN (SANA) &#8211; \u00a0\u0130ran Cumhurba\u015fkan\u0131 Mesud Peze\u015fkiyan, \u0130slam \u00fclkelerinin birlik ve beraberli\u011finin, aralar\u0131na ayr\u0131l\u0131k ve ayr\u0131l\u0131k tohumlar\u0131 ekmeye \u00e7al\u0131\u015fan d\u00fc\u015fman kar\u015f\u0131s\u0131nda g\u00fc\u00e7lerini art\u0131rd\u0131\u011f\u0131n\u0131 vurgulad\u0131. Peze\u015fkiyan, Tahran&#8217;daki 38. Uluslararas\u0131 \u0130slam Birli\u011fi Konferans\u0131&#8217;nda yapt\u0131\u011f\u0131 konu\u015fmada \u015funlar\u0131 s\u00f6yledi: &#8220;Bizim birle\u015femememiz, \u0130srail i\u015fgal varl\u0131\u011f\u0131na b\u00f6lgede su\u00e7 i\u015fleme cesareti verdi&#8221; diyerek, \u0130slam \u00fclkelerinin birle\u015fmesi halinde hi\u00e7bir g\u00fcc\u00fcn onlar\u0131 deviremeyece\u011fini, yok &hellip;<\/p>\n","protected":false},"author":39,"featured_media":308716,"comment_status":"closed","ping_status":"closed","sticky":false,"template":"","format":"standard","meta":{"footnotes":""},"categories":[458,459,17988],"tags":[42413,42412],"class_list":["post-308715","post","type-post","status-publish","format-standard","has-post-thumbnail","","category-dunya1","category-haberler-arap-uluslararasi-politika","category-son-haberler","tag-dusmanlara-karsi-guclerini-artirir","tag-pezeskiyan-islam-ulkelerinin-birligi"],"_links":{"self":[{"href":"https:\/\/archive.sana.sy\/tr\/index.php?rest_route=\/wp\/v2\/posts\/308715","targetHints":{"allow":["GET"]}}],"collection":[{"href":"https:\/\/archive.sana.sy\/tr\/index.php?rest_route=\/wp\/v2\/posts"}],"about":[{"href":"https:\/\/archive.sana.sy\/tr\/index.php?rest_route=\/wp\/v2\/types\/post"}],"author":[{"embeddable":true,"href":"https:\/\/archive.sana.sy\/tr\/index.php?rest_route=\/wp\/v2\/users\/39"}],"replies":[{"embeddable":true,"href":"https:\/\/archive.sana.sy\/tr\/index.php?rest_route=%2Fwp%2Fv2%2Fcomments&post=308715"}],"version-history":[{"count":1,"href":"https:\/\/archive.sana.sy\/tr\/index.php?rest_route=\/wp\/v2\/posts\/308715\/revisions"}],"predecessor-version":[{"id":308717,"href":"https:\/\/archive.sana.sy\/tr\/index.php?rest_route=\/wp\/v2\/posts\/308715\/revisions\/308717"}],"wp:featuredmedia":[{"embeddable":true,"href":"https:\/\/archive.sana.sy\/tr\/index.php?rest_route=\/wp\/v2\/media\/308716"}],"wp:attachment":[{"href":"https:\/\/archive.sana.sy\/tr\/index.php?rest_route=%2Fwp%2Fv2%2Fmedia&parent=308715"}],"wp:term":[{"taxonomy":"category","embeddable":true,"href":"https:\/\/archive.sana.sy\/tr\/index.php?rest_route=%2Fwp%2Fv2%2Fcategories&post=308715"},{"taxonomy":"post_tag","embeddable":true,"href":"https:\/\/archive.sana.sy\/tr\/index.php?rest_route=%2Fwp%2Fv2%2Ftags&post=308715"}],"curies":[{"name":"wp","href":"https:\/\/api.w.org\/{rel}","templated":true}]}}