{"id":308718,"date":"2024-09-19T16:46:44","date_gmt":"2024-09-19T13:46:44","guid":{"rendered":"https:\/\/sana.sy\/tr\/?p=308718"},"modified":"2024-09-24T14:46:24","modified_gmt":"2024-09-24T11:46:24","slug":"aksa-tufani-operasyonu-bugunun-en-one-cikan-gelismeleri-256","status":"publish","type":"post","link":"https:\/\/archive.sana.sy\/tr\/?p=308718","title":{"rendered":"Aksa Tufan\u0131 Operasyonu\u2026 Bug\u00fcn\u00fcn En \u00d6ne \u00c7\u0131kan Geli\u015fmeleri"},"content":{"rendered":"<p style=\"text-align: justify;\"><strong>\u0130\u015eGAL ED\u0130LEN KUD\u00dcS (SANA) \u2013<\/strong>\u00a0Filistin direni\u015finin i\u015fgalci \u0130srail\u2019in sald\u0131rganl\u0131\u011f\u0131na yan\u0131t olarak ge\u00e7en 7 Ekim\u2019de ba\u015flatt\u0131\u011f\u0131 Aksa Tufan\u0131 Operasyonu\u2019nda \u00f6ne \u00e7\u0131kan geli\u015fmeler:<\/p>\n<ul>\n<li style=\"text-align: justify;\">Filistin medyas\u0131: \u0130\u015fgalci \u0130srail\u2019in Gazze \u015eeridi&#8217;nin merkezindeki Ma\u011fazi kamp\u0131nda bir arabay\u0131 bombalamas\u0131 sonucu iki \u015fehit ve \u00e7ok say\u0131da yaral\u0131.<\/li>\n<li style=\"text-align: justify;\">Filistin medyas\u0131: \u0130srail i\u015fgal u\u00e7aklar\u0131n\u0131n Gazze \u015fehrinin g\u00fcneyinde bir evi bombalamas\u0131 sonucu 3 \u015fehit ve \u00e7ok say\u0131da yaral\u0131.<\/li>\n<li style=\"text-align: justify;\">Filistin direni\u015fi, Gazze \u015eeridi&#8217;nin g\u00fcneyindeki Refah kentinde iki adet &#8220;\u015eavvaz&#8221; bombas\u0131, iki adet &#8220;Yasin 105&#8221; ve &#8220;Tandum&#8221; top mermisi ile 3 \u0130srail d\u00fc\u015fman askeri ta\u015f\u0131y\u0131c\u0131s\u0131n\u0131 hedef ald\u0131.<\/li>\n<li style=\"text-align: justify;\"><a href=\"https:\/\/www.sana.sy\/tr\/?p=308711\">\u0130srail&#8217;in Gazze \u015eeridi&#8217;ne y\u00f6nelik sald\u0131rganl\u0131\u011f\u0131 sonucu 11 Filistinli \u015fehit d\u00fc\u015ft\u00fc.<\/a><\/li>\n<li style=\"text-align: justify;\">Filistin medyas\u0131: \u0130srail i\u015fgalinin Gazze \u015eeridi&#8217;nin kuzeyindeki Cebeliye&#8217;de bir evi bombalamas\u0131 sonucu 4 \u015fehit.<\/li>\n<li style=\"text-align: justify;\"><a href=\"https:\/\/www.sana.sy\/tr\/?p=308702\">Gazze \u015eeridi&#8217;ne i\u015fgalci hava sald\u0131rganl\u0131klar\u0131 sonucu 8 Filistinli \u015fehit d\u00fc\u015ft\u00fc.<\/a><\/li>\n<\/ul>\n<p style=\"text-align: center;\"><strong><a href=\"https:\/\/t.me\/SuriyeArapHaberAjansI\">Telegram Kanal\u0131m\u0131z\u00a0<\/a>||<a href=\"https:\/\/twitter.com\/arap_ajans\">X Platformumuz\u00a0<\/a>||<a href=\"https:\/\/www.facebook.com\/SANAHaberAjansi\/\">Facebook Sayfam\u0131z<\/a><\/strong><\/p>\n","protected":false},"excerpt":{"rendered":"<p>\u0130\u015eGAL ED\u0130LEN KUD\u00dcS (SANA) \u2013\u00a0Filistin direni\u015finin i\u015fgalci \u0130srail\u2019in sald\u0131rganl\u0131\u011f\u0131na yan\u0131t olarak ge\u00e7en 7 Ekim\u2019de ba\u015flatt\u0131\u011f\u0131 Aksa Tufan\u0131 Operasyonu\u2019nda \u00f6ne \u00e7\u0131kan geli\u015fmeler: Filistin medyas\u0131: \u0130\u015fgalci \u0130srail\u2019in Gazze \u015eeridi&#8217;nin merkezindeki Ma\u011fazi kamp\u0131nda bir arabay\u0131 bombalamas\u0131 sonucu iki \u015fehit ve \u00e7ok say\u0131da yaral\u0131. Filistin medyas\u0131: \u0130srail i\u015fgal u\u00e7aklar\u0131n\u0131n Gazze \u015fehrinin g\u00fcneyinde bir evi bombalamas\u0131 sonucu 3 \u015fehit ve &hellip;<\/p>\n","protected":false},"author":39,"featured_media":308720,"comment_status":"closed","ping_status":"closed","sticky":false,"template":"","format":"standard","meta":{"footnotes":""},"categories":[458,459,17988],"tags":[40813],"class_list":["post-308718","post","type-post","status-publish","format-standard","has-post-thumbnail","","category-dunya1","category-haberler-arap-uluslararasi-politika","category-son-haberler","tag-aksa-tufani-operasyonu-bugunun-en-one-cikan-gelismeleri"],"_links":{"self":[{"href":"https:\/\/archive.sana.sy\/tr\/index.php?rest_route=\/wp\/v2\/posts\/308718","targetHints":{"allow":["GET"]}}],"collection":[{"href":"https:\/\/archive.sana.sy\/tr\/index.php?rest_route=\/wp\/v2\/posts"}],"about":[{"href":"https:\/\/archive.sana.sy\/tr\/index.php?rest_route=\/wp\/v2\/types\/post"}],"author":[{"embeddable":true,"href":"https:\/\/archive.sana.sy\/tr\/index.php?rest_route=\/wp\/v2\/users\/39"}],"replies":[{"embeddable":true,"href":"https:\/\/archive.sana.sy\/tr\/index.php?rest_route=%2Fwp%2Fv2%2Fcomments&post=308718"}],"version-history":[{"count":1,"href":"https:\/\/archive.sana.sy\/tr\/index.php?rest_route=\/wp\/v2\/posts\/308718\/revisions"}],"predecessor-version":[{"id":308719,"href":"https:\/\/archive.sana.sy\/tr\/index.php?rest_route=\/wp\/v2\/posts\/308718\/revisions\/308719"}],"wp:featuredmedia":[{"embeddable":true,"href":"https:\/\/archive.sana.sy\/tr\/index.php?rest_route=\/wp\/v2\/media\/308720"}],"wp:attachment":[{"href":"https:\/\/archive.sana.sy\/tr\/index.php?rest_route=%2Fwp%2Fv2%2Fmedia&parent=308718"}],"wp:term":[{"taxonomy":"category","embeddable":true,"href":"https:\/\/archive.sana.sy\/tr\/index.php?rest_route=%2Fwp%2Fv2%2Fcategories&post=308718"},{"taxonomy":"post_tag","embeddable":true,"href":"https:\/\/archive.sana.sy\/tr\/index.php?rest_route=%2Fwp%2Fv2%2Ftags&post=308718"}],"curies":[{"name":"wp","href":"https:\/\/api.w.org\/{rel}","templated":true}]}}