{"id":308747,"date":"2024-09-20T11:07:44","date_gmt":"2024-09-20T08:07:44","guid":{"rendered":"https:\/\/sana.sy\/tr\/?p=308747"},"modified":"2024-09-24T14:46:34","modified_gmt":"2024-09-24T11:46:34","slug":"misir-birlesmis-milletlerin-israilin-filistin-topraklarindaki-isgaline-son-verilmesi-cagrisinda-bulunan-bir-karari-memnuniyetle-karsiladi","status":"publish","type":"post","link":"https:\/\/archive.sana.sy\/tr\/?p=308747","title":{"rendered":"M\u0131s\u0131r, Birle\u015fmi\u015f Milletlerin \u0130srail&#8217;in Filistin Topraklar\u0131ndaki \u0130\u015fgaline Son Verilmesi \u00c7a\u011fr\u0131s\u0131nda Bulunan Bir Karar\u0131 Memnuniyetle Kar\u015f\u0131lad\u0131"},"content":{"rendered":"<p><strong>KAH\u0130RA (SANA) \u2013 <\/strong>M\u0131s\u0131r, \u0130srail i\u015fgaline Filistin topraklar\u0131ndaki i\u015fgaline 12 ay i\u00e7inde son verme \u00e7a\u011fr\u0131s\u0131nda bulunan karar\u0131n ezici bir \u00e7o\u011funlukla Birle\u015fmi\u015f Milletler Genel Kurulu taraf\u0131ndan kabul edilmesini memnuniyetle kar\u015f\u0131lad\u0131.<\/p>\n<p>M\u0131s\u0131r D\u0131\u015fi\u015fleri Bakanl\u0131\u011f\u0131, Filistinli WAFA Haber Ajans\u0131 taraf\u0131ndan yap\u0131lan a\u00e7\u0131klamada: \u201cKarar\u0131n 124 \u00fclkenin \u00e7o\u011funlu\u011fu taraf\u0131ndan kabul edilmesi, uluslararas\u0131 toplumun \u0130srail&#8217;in Filistin topraklar\u0131ndaki i\u015fgaline ve bunun t\u00fcm yasad\u0131\u015f\u0131 tezah\u00fcrlerine son verilmesine y\u00f6nelik geni\u015f deste\u011finin bir yans\u0131mas\u0131d\u0131r\u201d dedi.<\/p>\n<p>D\u0131\u015fi\u015fleri Bakanl\u0131\u011f\u0131 ayr\u0131ca, Filistin halk\u0131n\u0131n me\u015fru haklar\u0131n\u0131 yeniden tesis etmek ve \u0130srail&#8217;in Filistin topraklar\u0131ndaki yasa d\u0131\u015f\u0131 i\u015fgaline son vermek i\u00e7in ortak uluslararas\u0131 \u00e7abalara ihtiya\u00e7 duyuldu\u011funu da vurgulad\u0131.<\/p>\n<p style=\"text-align: center;\"><strong><a href=\"https:\/\/t.me\/SuriyeArapHaberAjansI\">Telegram Kanal\u0131m\u0131z\u00a0<\/a>||<a href=\"https:\/\/twitter.com\/arap_ajans\">X Platformumuz\u00a0<\/a>||<a href=\"https:\/\/www.facebook.com\/SANAHaberAjansi\/\">Facebook Sayfam\u0131z<\/a><\/strong><\/p>\n","protected":false},"excerpt":{"rendered":"<p>KAH\u0130RA (SANA) \u2013 M\u0131s\u0131r, \u0130srail i\u015fgaline Filistin topraklar\u0131ndaki i\u015fgaline 12 ay i\u00e7inde son verme \u00e7a\u011fr\u0131s\u0131nda bulunan karar\u0131n ezici bir \u00e7o\u011funlukla Birle\u015fmi\u015f Milletler Genel Kurulu taraf\u0131ndan kabul edilmesini memnuniyetle kar\u015f\u0131lad\u0131. M\u0131s\u0131r D\u0131\u015fi\u015fleri Bakanl\u0131\u011f\u0131, Filistinli WAFA Haber Ajans\u0131 taraf\u0131ndan yap\u0131lan a\u00e7\u0131klamada: \u201cKarar\u0131n 124 \u00fclkenin \u00e7o\u011funlu\u011fu taraf\u0131ndan kabul edilmesi, uluslararas\u0131 toplumun \u0130srail&#8217;in Filistin topraklar\u0131ndaki i\u015fgaline ve bunun t\u00fcm &hellip;<\/p>\n","protected":false},"author":36,"featured_media":308748,"comment_status":"closed","ping_status":"closed","sticky":false,"template":"","format":"standard","meta":{"footnotes":""},"categories":[458,459,17988],"tags":[],"class_list":["post-308747","post","type-post","status-publish","format-standard","has-post-thumbnail","","category-dunya1","category-haberler-arap-uluslararasi-politika","category-son-haberler"],"_links":{"self":[{"href":"https:\/\/archive.sana.sy\/tr\/index.php?rest_route=\/wp\/v2\/posts\/308747","targetHints":{"allow":["GET"]}}],"collection":[{"href":"https:\/\/archive.sana.sy\/tr\/index.php?rest_route=\/wp\/v2\/posts"}],"about":[{"href":"https:\/\/archive.sana.sy\/tr\/index.php?rest_route=\/wp\/v2\/types\/post"}],"author":[{"embeddable":true,"href":"https:\/\/archive.sana.sy\/tr\/index.php?rest_route=\/wp\/v2\/users\/36"}],"replies":[{"embeddable":true,"href":"https:\/\/archive.sana.sy\/tr\/index.php?rest_route=%2Fwp%2Fv2%2Fcomments&post=308747"}],"version-history":[{"count":1,"href":"https:\/\/archive.sana.sy\/tr\/index.php?rest_route=\/wp\/v2\/posts\/308747\/revisions"}],"predecessor-version":[{"id":308749,"href":"https:\/\/archive.sana.sy\/tr\/index.php?rest_route=\/wp\/v2\/posts\/308747\/revisions\/308749"}],"wp:featuredmedia":[{"embeddable":true,"href":"https:\/\/archive.sana.sy\/tr\/index.php?rest_route=\/wp\/v2\/media\/308748"}],"wp:attachment":[{"href":"https:\/\/archive.sana.sy\/tr\/index.php?rest_route=%2Fwp%2Fv2%2Fmedia&parent=308747"}],"wp:term":[{"taxonomy":"category","embeddable":true,"href":"https:\/\/archive.sana.sy\/tr\/index.php?rest_route=%2Fwp%2Fv2%2Fcategories&post=308747"},{"taxonomy":"post_tag","embeddable":true,"href":"https:\/\/archive.sana.sy\/tr\/index.php?rest_route=%2Fwp%2Fv2%2Ftags&post=308747"}],"curies":[{"name":"wp","href":"https:\/\/api.w.org\/{rel}","templated":true}]}}