{"id":30875,"date":"2015-04-25T14:54:30","date_gmt":"2015-04-25T11:54:30","guid":{"rendered":"http:\/\/www.sana.sy\/tr\/?p=30875"},"modified":"2015-04-25T14:54:43","modified_gmt":"2015-04-25T11:54:43","slug":"muaddamiye-beldesine-cocuk-asilari-gecirildi","status":"publish","type":"post","link":"https:\/\/archive.sana.sy\/tr\/?p=30875","title":{"rendered":"Muaddamiye Beldesine \u00c7ocuk A\u015f\u0131lar\u0131 Ge\u00e7irildi"},"content":{"rendered":"<p>\u015eAM KIRSALI \u2013 \u015eam \u00c7evre Kent \u0130l Sa\u011fl\u0131k M\u00fcd\u00fcrl\u00fc\u011f\u00fc bug\u00fcn \u015eam k\u0131rsal\u0131n\u0131n g\u00fcneybat\u0131s\u0131 Muaddamiye Beldesine be\u015f ya\u015f alt\u0131 t\u00fcm \u00e7ocuklara yetecek miktarda k\u0131zam\u0131k a\u015f\u0131s\u0131 ge\u00e7irdi.<\/p>\n<p>\u0130l Sa\u011fl\u0131k M\u00fcd\u00fcr\u00fc Yasin Nanus bas\u0131na yapt\u0131\u011f\u0131 a\u00e7\u0131klamada; Sa\u011fl\u0131k Bakanl\u0131\u011f\u0131n\u0131n ge\u00e7en hafta ba\u015flatt\u0131\u011f\u0131 ulusal a\u015f\u0131 kampanyas\u0131 kapsam\u0131nda ge\u00e7irilen bu a\u015f\u0131lar\u0131n, h\u00fck\u00fcmetin yurdun her yerinde bulunan \u00e7ocuklar\u0131n sa\u011fl\u0131\u011f\u0131na g\u00f6sterdi\u011fi \u00f6zeni yans\u0131tt\u0131\u011f\u0131na dikkat \u00e7ekti.<\/p>\n<p>Sa\u011fl\u0131k Bakanl\u0131\u011f\u0131 Suriye K\u0131z\u0131lay \u00d6rg\u00fct\u00fcn\u00fcn i\u015fbirli\u011fi ile daha \u00f6nce silahl\u0131 gruplar\u0131n bulundu\u011fu Muaddamiye Beldesine 4 bin \u00e7ocuk a\u015f\u0131s\u0131 ge\u00e7irmi\u015fti.<\/p>\n<p>A.A.<\/p>\n","protected":false},"excerpt":{"rendered":"<p>\u015eAM KIRSALI \u2013 \u015eam \u00c7evre Kent \u0130l Sa\u011fl\u0131k M\u00fcd\u00fcrl\u00fc\u011f\u00fc bug\u00fcn \u015eam k\u0131rsal\u0131n\u0131n g\u00fcneybat\u0131s\u0131 Muaddamiye Beldesine be\u015f ya\u015f alt\u0131 t\u00fcm \u00e7ocuklara yetecek miktarda k\u0131zam\u0131k a\u015f\u0131s\u0131 ge\u00e7irdi. \u0130l Sa\u011fl\u0131k M\u00fcd\u00fcr\u00fc Yasin Nanus bas\u0131na yapt\u0131\u011f\u0131 a\u00e7\u0131klamada; Sa\u011fl\u0131k Bakanl\u0131\u011f\u0131n\u0131n ge\u00e7en hafta ba\u015flatt\u0131\u011f\u0131 ulusal a\u015f\u0131 kampanyas\u0131 kapsam\u0131nda ge\u00e7irilen bu a\u015f\u0131lar\u0131n, h\u00fck\u00fcmetin yurdun her yerinde bulunan \u00e7ocuklar\u0131n sa\u011fl\u0131\u011f\u0131na g\u00f6sterdi\u011fi \u00f6zeni yans\u0131tt\u0131\u011f\u0131na &hellip;<\/p>\n","protected":false},"author":1,"featured_media":24042,"comment_status":"closed","ping_status":"closed","sticky":false,"template":"","format":"standard","meta":{"footnotes":""},"categories":[479,478],"tags":[14024],"class_list":["post-30875","post","type-post","status-publish","format-standard","has-post-thumbnail","","category-haberler-yerel","category-yerel","tag-muaddamiye-beldesine-cocuk-asilari-gecirildi"],"_links":{"self":[{"href":"https:\/\/archive.sana.sy\/tr\/index.php?rest_route=\/wp\/v2\/posts\/30875","targetHints":{"allow":["GET"]}}],"collection":[{"href":"https:\/\/archive.sana.sy\/tr\/index.php?rest_route=\/wp\/v2\/posts"}],"about":[{"href":"https:\/\/archive.sana.sy\/tr\/index.php?rest_route=\/wp\/v2\/types\/post"}],"author":[{"embeddable":true,"href":"https:\/\/archive.sana.sy\/tr\/index.php?rest_route=\/wp\/v2\/users\/1"}],"replies":[{"embeddable":true,"href":"https:\/\/archive.sana.sy\/tr\/index.php?rest_route=%2Fwp%2Fv2%2Fcomments&post=30875"}],"version-history":[{"count":0,"href":"https:\/\/archive.sana.sy\/tr\/index.php?rest_route=\/wp\/v2\/posts\/30875\/revisions"}],"wp:featuredmedia":[{"embeddable":true,"href":"https:\/\/archive.sana.sy\/tr\/index.php?rest_route=\/wp\/v2\/media\/24042"}],"wp:attachment":[{"href":"https:\/\/archive.sana.sy\/tr\/index.php?rest_route=%2Fwp%2Fv2%2Fmedia&parent=30875"}],"wp:term":[{"taxonomy":"category","embeddable":true,"href":"https:\/\/archive.sana.sy\/tr\/index.php?rest_route=%2Fwp%2Fv2%2Fcategories&post=30875"},{"taxonomy":"post_tag","embeddable":true,"href":"https:\/\/archive.sana.sy\/tr\/index.php?rest_route=%2Fwp%2Fv2%2Ftags&post=30875"}],"curies":[{"name":"wp","href":"https:\/\/api.w.org\/{rel}","templated":true}]}}