{"id":308762,"date":"2024-09-20T14:30:46","date_gmt":"2024-09-20T11:30:46","guid":{"rendered":"https:\/\/sana.sy\/tr\/?p=308762"},"modified":"2024-09-20T17:18:58","modified_gmt":"2024-09-20T14:18:58","slug":"isgalcilerin-gazze-seridinde-cesitli-bolgeleri-bombalamasi-sonucu-10-sehit","status":"publish","type":"post","link":"https:\/\/archive.sana.sy\/tr\/?p=308762","title":{"rendered":"\u0130\u015fgalcilerin Gazze \u015eeridi&#8217;nde \u00c7e\u015fitli B\u00f6lgeleri Bombalamas\u0131 Sonucu 10 \u015eehit"},"content":{"rendered":"<p style=\"text-align: justify;\"><strong>\u0130\u015eGAL ED\u0130LEN KUD\u00dcS (SANA)<\/strong> \u2013 \u0130\u015fgalci \u0130srail&#8217;in Gazze \u015eeridi&#8217;nin \u00e7e\u015fitli b\u00f6lgelerini bombalamas\u0131 sonucu bug\u00fcn 10 Filistinli \u015fehit oldu, \u00e7ok say\u0131da ki\u015fi de yaraland\u0131.<\/p>\n<p style=\"text-align: justify;\">Filistin Wafa Ajans\u0131, i\u015fgal u\u00e7aklar\u0131n\u0131n Gazze \u015eeridi&#8217;nin merkezindeki Nuseyrat kamp\u0131n\u0131n bat\u0131s\u0131ndaki Tel El Nuveyri b\u00f6lgesinde bir evi bombalamas\u0131 sonucu 8 Filistinlinin \u015fehit oldu\u011funu, \u00e7ok say\u0131da ki\u015finin de yaraland\u0131\u011f\u0131n\u0131 bildirdi.<\/p>\n<p style=\"text-align: justify;\">Gazze \u015eeridi&#8217;nin kuzeyindeki Beyt Hanun&#8217;da bir evin i\u015fgalci bombard\u0131man\u0131 sonucu da bir Filistinli \u015fehit oldu. Bu arada Gazze \u015fehrinin do\u011fusundaki El \u015eaaf Caddesi&#8217;nde bir grup Filistinliye y\u00f6nelik i\u015fgal bombard\u0131man\u0131 sonucu bir gen\u00e7 \u015fehit olurken, \u00e7ok say\u0131da ki\u015fi de yaraland\u0131.<\/p>\n<p style=\"text-align: justify;\">Filistin Sa\u011fl\u0131k Bakanl\u0131\u011f\u0131 daha \u00f6nce yapt\u0131\u011f\u0131 a\u00e7\u0131klamada \u015fu a\u00e7\u0131klamada bulunmu\u015ftu: \u00a0&#8221;7 Ekim&#8217;den bu yana Gazze \u015eeridi&#8217;ne y\u00f6nelik devam eden i\u015fgal sald\u0131r\u0131s\u0131nda \u00f6lenlerin say\u0131s\u0131 41 bin 272 \u015fehit ve 95 bin 551 yaral\u0131ya y\u00fckseldi. \u00c7ok say\u0131da ma\u011fdur halen enkaz alt\u0131nda ve yollardayken, ambulans ve sivil savunma ekipleri onlara ula\u015fam\u0131yor.&#8221;<\/p>\n<p style=\"text-align: center;\"><strong><a href=\"https:\/\/t.me\/SuriyeArapHaberAjansI\">Telegram Kanal\u0131m\u0131z\u00a0<\/a>||<a href=\"https:\/\/twitter.com\/arap_ajans\">X Platformumuz\u00a0<\/a>||<a href=\"https:\/\/www.facebook.com\/SANAHaberAjansi\/\">Facebook Sayfam\u0131z<\/a><\/strong><\/p>\n","protected":false},"excerpt":{"rendered":"<p>\u0130\u015eGAL ED\u0130LEN KUD\u00dcS (SANA) \u2013 \u0130\u015fgalci \u0130srail&#8217;in Gazze \u015eeridi&#8217;nin \u00e7e\u015fitli b\u00f6lgelerini bombalamas\u0131 sonucu bug\u00fcn 10 Filistinli \u015fehit oldu, \u00e7ok say\u0131da ki\u015fi de yaraland\u0131. Filistin Wafa Ajans\u0131, i\u015fgal u\u00e7aklar\u0131n\u0131n Gazze \u015eeridi&#8217;nin merkezindeki Nuseyrat kamp\u0131n\u0131n bat\u0131s\u0131ndaki Tel El Nuveyri b\u00f6lgesinde bir evi bombalamas\u0131 sonucu 8 Filistinlinin \u015fehit oldu\u011funu, \u00e7ok say\u0131da ki\u015finin de yaraland\u0131\u011f\u0131n\u0131 bildirdi. Gazze \u015eeridi&#8217;nin kuzeyindeki &hellip;<\/p>\n","protected":false},"author":43,"featured_media":308763,"comment_status":"closed","ping_status":"closed","sticky":false,"template":"","format":"standard","meta":{"footnotes":""},"categories":[458,589,459,17988],"tags":[42419],"class_list":["post-308762","post","type-post","status-publish","format-standard","has-post-thumbnail","","category-dunya1","category-haber-seridi","category-haberler-arap-uluslararasi-politika","category-son-haberler","tag-isgalcilerin-gazze-seridinde-cesitli-bolgeleri-bombalamasi-sonucu-10-sehit"],"_links":{"self":[{"href":"https:\/\/archive.sana.sy\/tr\/index.php?rest_route=\/wp\/v2\/posts\/308762","targetHints":{"allow":["GET"]}}],"collection":[{"href":"https:\/\/archive.sana.sy\/tr\/index.php?rest_route=\/wp\/v2\/posts"}],"about":[{"href":"https:\/\/archive.sana.sy\/tr\/index.php?rest_route=\/wp\/v2\/types\/post"}],"author":[{"embeddable":true,"href":"https:\/\/archive.sana.sy\/tr\/index.php?rest_route=\/wp\/v2\/users\/43"}],"replies":[{"embeddable":true,"href":"https:\/\/archive.sana.sy\/tr\/index.php?rest_route=%2Fwp%2Fv2%2Fcomments&post=308762"}],"version-history":[{"count":1,"href":"https:\/\/archive.sana.sy\/tr\/index.php?rest_route=\/wp\/v2\/posts\/308762\/revisions"}],"predecessor-version":[{"id":308764,"href":"https:\/\/archive.sana.sy\/tr\/index.php?rest_route=\/wp\/v2\/posts\/308762\/revisions\/308764"}],"wp:featuredmedia":[{"embeddable":true,"href":"https:\/\/archive.sana.sy\/tr\/index.php?rest_route=\/wp\/v2\/media\/308763"}],"wp:attachment":[{"href":"https:\/\/archive.sana.sy\/tr\/index.php?rest_route=%2Fwp%2Fv2%2Fmedia&parent=308762"}],"wp:term":[{"taxonomy":"category","embeddable":true,"href":"https:\/\/archive.sana.sy\/tr\/index.php?rest_route=%2Fwp%2Fv2%2Fcategories&post=308762"},{"taxonomy":"post_tag","embeddable":true,"href":"https:\/\/archive.sana.sy\/tr\/index.php?rest_route=%2Fwp%2Fv2%2Ftags&post=308762"}],"curies":[{"name":"wp","href":"https:\/\/api.w.org\/{rel}","templated":true}]}}