{"id":308776,"date":"2024-09-20T19:20:48","date_gmt":"2024-09-20T16:20:48","guid":{"rendered":"https:\/\/sana.sy\/tr\/?p=308776"},"modified":"2024-09-20T20:27:46","modified_gmt":"2024-09-20T17:27:46","slug":"israilin-beyrutun-guney-banliyosundeki-bir-yerlesim-bolgesine-saldirisi-sonucu-12-sehit","status":"publish","type":"post","link":"https:\/\/archive.sana.sy\/tr\/?p=308776","title":{"rendered":"\u0130srail&#8217;in Beyrut&#8217;un G\u00fcney Banliy\u00f6s\u00fcndeki Bir Yerle\u015fim B\u00f6lgesine Sald\u0131r\u0131s\u0131 Sonucu 12 \u015eehit"},"content":{"rendered":"<p><strong>BEYRUT <\/strong><strong>(SANA) \u2013<\/strong> \u0130srail&#8217;in bug\u00fcn Beyrut&#8217;un g\u00fcney banliy\u00f6s\u00fcndeki bir yerle\u015fim b\u00f6lgesini hedef alan sald\u0131r\u0131s\u0131 sonucu 12 ki\u015fi \u015fehit d\u00fc\u015ft\u00fc, 66 ki\u015fi de yaraland\u0131.<\/p>\n<p>L\u00fcbnan medyas\u0131, \u0130srail d\u00fc\u015fman u\u00e7aklar\u0131n\u0131n, g\u00fcney banliy\u00f6s\u00fcndeki El Kaim kompleksi yak\u0131n\u0131ndaki yayalarla dolu bir caddede bulunan iki konut binas\u0131n\u0131 bir dizi f\u00fczeyle hedef ald\u0131\u011f\u0131n\u0131 bildirdi.<\/p>\n<p>L\u00fcbnan Sa\u011fl\u0131k Bakanl\u0131\u011f\u0131 ise sald\u0131r\u0131da 12 ki\u015finin \u015fehit d\u00fc\u015fmesi, 9&#8217;u kritik olmak \u00fczere 66 ki\u015finin de yaralanmas\u0131yla sonu\u00e7land\u0131\u011f\u0131n\u0131 duyurdu.<\/p>\n<p>\u0130srail&#8217;in sald\u0131rganl\u0131\u011f\u0131 b\u00f6lgedeki iki binaya, kom\u015fu binalara, arabalara ve altyap\u0131ya ciddi maddi hasara yol a\u00e7t\u0131.<\/p>\n<p>Buna kar\u015f\u0131l\u0131k L\u00fcbnan Sivil Savunmas\u0131, \u0130srail sald\u0131rganl\u0131\u011f\u0131n\u0131n iki konut binas\u0131n\u0131n y\u0131k\u0131lmas\u0131na yol a\u00e7t\u0131\u011f\u0131n\u0131 duyurdu.<\/p>\n<p>Ge\u00e7ici Ba\u015fbakan Nacib Mikati ise kabine oturumu s\u0131ras\u0131nda \u015funlar\u0131 s\u00f6yledi: &#8221;N\u00fcfusun yo\u011fun oldu\u011fu bir yerle\u015fim b\u00f6lgesinin hedef al\u0131nmas\u0131, \u0130srailli d\u00fc\u015fman\u0131n hi\u00e7bir insani, hukuki veya ahlaki d\u00fc\u015f\u00fcnceye \u00f6nem vermedi\u011fini, aksine soyk\u0131r\u0131ma benzeyen bir \u015feye giri\u015fti\u011fini bir kez daha kan\u0131tl\u0131yor. Onlarca \u015fehit ve binlerce yaral\u0131n\u0131n oldu\u011fu Sal\u0131 ve \u00c7ar\u015famba g\u00fcn\u00fc ya\u015fanan sald\u0131r\u0131da bunun en \u00e7irkin g\u00f6r\u00fcnt\u00fclerine tan\u0131k olduk.&#8221;<\/p>\n<p>Mikati \u015funu ekledi: &#8221;Bu yeni sald\u0131rganl\u0131k, insan haklar\u0131, adalet ve hukuk ihlallerine sessiz kalan k\u00fcresel vicdan\u0131n ve uluslararas\u0131 toplumun eseridir.&#8221;<\/p>\n<p style=\"text-align: center;\"><strong><a href=\"https:\/\/t.me\/SuriyeArapHaberAjansI\">Telegram Kanal\u0131m\u0131z\u00a0<\/a>||<a href=\"https:\/\/twitter.com\/arap_ajans\">X Platformumuz\u00a0<\/a>||<a href=\"https:\/\/www.facebook.com\/SANAHaberAjansi\/\">Facebook Sayfam\u0131z<\/a><\/strong><\/p>\n","protected":false},"excerpt":{"rendered":"<p>BEYRUT (SANA) \u2013 \u0130srail&#8217;in bug\u00fcn Beyrut&#8217;un g\u00fcney banliy\u00f6s\u00fcndeki bir yerle\u015fim b\u00f6lgesini hedef alan sald\u0131r\u0131s\u0131 sonucu 12 ki\u015fi \u015fehit d\u00fc\u015ft\u00fc, 66 ki\u015fi de yaraland\u0131. L\u00fcbnan medyas\u0131, \u0130srail d\u00fc\u015fman u\u00e7aklar\u0131n\u0131n, g\u00fcney banliy\u00f6s\u00fcndeki El Kaim kompleksi yak\u0131n\u0131ndaki yayalarla dolu bir caddede bulunan iki konut binas\u0131n\u0131 bir dizi f\u00fczeyle hedef ald\u0131\u011f\u0131n\u0131 bildirdi. L\u00fcbnan Sa\u011fl\u0131k Bakanl\u0131\u011f\u0131 ise sald\u0131r\u0131da 12 ki\u015finin &hellip;<\/p>\n","protected":false},"author":43,"featured_media":308778,"comment_status":"closed","ping_status":"closed","sticky":false,"template":"","format":"standard","meta":{"footnotes":""},"categories":[458,589,459,17988],"tags":[42425],"class_list":["post-308776","post","type-post","status-publish","format-standard","has-post-thumbnail","","category-dunya1","category-haber-seridi","category-haberler-arap-uluslararasi-politika","category-son-haberler","tag-israilin-beyrutun-guney-banliyosundeki-bir-yerlesim-bolgesine-saldirisi-sonucu-9-sehit"],"_links":{"self":[{"href":"https:\/\/archive.sana.sy\/tr\/index.php?rest_route=\/wp\/v2\/posts\/308776","targetHints":{"allow":["GET"]}}],"collection":[{"href":"https:\/\/archive.sana.sy\/tr\/index.php?rest_route=\/wp\/v2\/posts"}],"about":[{"href":"https:\/\/archive.sana.sy\/tr\/index.php?rest_route=\/wp\/v2\/types\/post"}],"author":[{"embeddable":true,"href":"https:\/\/archive.sana.sy\/tr\/index.php?rest_route=\/wp\/v2\/users\/43"}],"replies":[{"embeddable":true,"href":"https:\/\/archive.sana.sy\/tr\/index.php?rest_route=%2Fwp%2Fv2%2Fcomments&post=308776"}],"version-history":[{"count":1,"href":"https:\/\/archive.sana.sy\/tr\/index.php?rest_route=\/wp\/v2\/posts\/308776\/revisions"}],"predecessor-version":[{"id":308780,"href":"https:\/\/archive.sana.sy\/tr\/index.php?rest_route=\/wp\/v2\/posts\/308776\/revisions\/308780"}],"wp:featuredmedia":[{"embeddable":true,"href":"https:\/\/archive.sana.sy\/tr\/index.php?rest_route=\/wp\/v2\/media\/308778"}],"wp:attachment":[{"href":"https:\/\/archive.sana.sy\/tr\/index.php?rest_route=%2Fwp%2Fv2%2Fmedia&parent=308776"}],"wp:term":[{"taxonomy":"category","embeddable":true,"href":"https:\/\/archive.sana.sy\/tr\/index.php?rest_route=%2Fwp%2Fv2%2Fcategories&post=308776"},{"taxonomy":"post_tag","embeddable":true,"href":"https:\/\/archive.sana.sy\/tr\/index.php?rest_route=%2Fwp%2Fv2%2Ftags&post=308776"}],"curies":[{"name":"wp","href":"https:\/\/api.w.org\/{rel}","templated":true}]}}