{"id":308781,"date":"2024-09-20T22:00:23","date_gmt":"2024-09-20T19:00:23","guid":{"rendered":"https:\/\/sana.sy\/tr\/?p=308781"},"modified":"2024-09-21T09:31:33","modified_gmt":"2024-09-21T06:31:33","slug":"hizbullah-komutan-ibrahim-akilin-sehit-edildigini-duyurdu","status":"publish","type":"post","link":"https:\/\/archive.sana.sy\/tr\/?p=308781","title":{"rendered":"Hizbullah, Komutan \u0130brahim Akil&#8217;in \u015eehit Edildi\u011fini Duyurdu"},"content":{"rendered":"<p style=\"text-align: justify;\"><strong>BEYRUT (SANA)<\/strong> &#8211; Bu ak\u015fam Hizbullah, Beyrut&#8217;un g\u00fcney banliy\u00f6lerine y\u00f6nelik \u0130srail&#8217;in ac\u0131mas\u0131z sald\u0131rganl\u0131\u011f\u0131 sonucunda direni\u015f lideri \u0130brahim Akil Hac Abd\u00fclkadir&#8217;in \u015fehit edildi\u011fini duyurdu.<\/p>\n<p style=\"text-align: justify;\">Hizbullah yapt\u0131\u011f\u0131 a\u00e7\u0131klamada, &#8220;Bug\u00fcn direni\u015f, t\u00fcm gurur ve onuruyla, b\u00fcy\u00fck liderlerinden biri olan Hac \u0130brahim Akil&#8217;i Kud\u00fcs yolunda \u015fehit olarak sunuyor ve saf ruhuna, hedeflerine, umutlar\u0131na ve zafere giden yola sad\u0131k kalaca\u011f\u0131na s\u00f6z veriyor\u201d diyerek,\u00a0 Kud\u00fcs&#8217;\u00fcn her zaman \u015fehidin kalbinde, akl\u0131nda ve d\u00fc\u015f\u00fcncesinde oldu\u011funa dikkat \u00e7ekti.<\/p>\n<p style=\"text-align: justify;\">A\u00e7\u0131klamada, b\u00fcy\u00fck lider &#8220;Hac\u0131 Abd\u00fclkadir&#8221;in fedakarl\u0131klar, riskler, zorluklar, ba\u015far\u0131lar ve zaferlerle dolu bir hayat\u0131n ard\u0131ndan b\u00fcy\u00fck \u015fehit liderler kafilesine kat\u0131ld\u0131\u011f\u0131 belirtildi.<\/p>\n<p style=\"text-align: center;\"><strong><a href=\"https:\/\/t.me\/SuriyeArapHaberAjansI\">Telegram Kanal\u0131m\u0131z\u00a0<\/a>||<a href=\"https:\/\/twitter.com\/arap_ajans\">X Platformumuz\u00a0<\/a>||<a href=\"https:\/\/www.facebook.com\/SANAHaberAjansi\/\">Facebook Sayfam\u0131z<\/a><\/strong><\/p>\n","protected":false},"excerpt":{"rendered":"<p>BEYRUT (SANA) &#8211; Bu ak\u015fam Hizbullah, Beyrut&#8217;un g\u00fcney banliy\u00f6lerine y\u00f6nelik \u0130srail&#8217;in ac\u0131mas\u0131z sald\u0131rganl\u0131\u011f\u0131 sonucunda direni\u015f lideri \u0130brahim Akil Hac Abd\u00fclkadir&#8217;in \u015fehit edildi\u011fini duyurdu. Hizbullah yapt\u0131\u011f\u0131 a\u00e7\u0131klamada, &#8220;Bug\u00fcn direni\u015f, t\u00fcm gurur ve onuruyla, b\u00fcy\u00fck liderlerinden biri olan Hac \u0130brahim Akil&#8217;i Kud\u00fcs yolunda \u015fehit olarak sunuyor ve saf ruhuna, hedeflerine, umutlar\u0131na ve zafere giden yola sad\u0131k kalaca\u011f\u0131na &hellip;<\/p>\n","protected":false},"author":41,"featured_media":308782,"comment_status":"closed","ping_status":"closed","sticky":false,"template":"","format":"standard","meta":{"footnotes":""},"categories":[458,589,459,17988],"tags":[19722,42426],"class_list":["post-308781","post","type-post","status-publish","format-standard","has-post-thumbnail","","category-dunya1","category-haber-seridi","category-haberler-arap-uluslararasi-politika","category-son-haberler","tag-hizbullah","tag-komutan-ibrahim-akilin-sehit-edildigini-duyurdu"],"_links":{"self":[{"href":"https:\/\/archive.sana.sy\/tr\/index.php?rest_route=\/wp\/v2\/posts\/308781","targetHints":{"allow":["GET"]}}],"collection":[{"href":"https:\/\/archive.sana.sy\/tr\/index.php?rest_route=\/wp\/v2\/posts"}],"about":[{"href":"https:\/\/archive.sana.sy\/tr\/index.php?rest_route=\/wp\/v2\/types\/post"}],"author":[{"embeddable":true,"href":"https:\/\/archive.sana.sy\/tr\/index.php?rest_route=\/wp\/v2\/users\/41"}],"replies":[{"embeddable":true,"href":"https:\/\/archive.sana.sy\/tr\/index.php?rest_route=%2Fwp%2Fv2%2Fcomments&post=308781"}],"version-history":[{"count":2,"href":"https:\/\/archive.sana.sy\/tr\/index.php?rest_route=\/wp\/v2\/posts\/308781\/revisions"}],"predecessor-version":[{"id":308784,"href":"https:\/\/archive.sana.sy\/tr\/index.php?rest_route=\/wp\/v2\/posts\/308781\/revisions\/308784"}],"wp:featuredmedia":[{"embeddable":true,"href":"https:\/\/archive.sana.sy\/tr\/index.php?rest_route=\/wp\/v2\/media\/308782"}],"wp:attachment":[{"href":"https:\/\/archive.sana.sy\/tr\/index.php?rest_route=%2Fwp%2Fv2%2Fmedia&parent=308781"}],"wp:term":[{"taxonomy":"category","embeddable":true,"href":"https:\/\/archive.sana.sy\/tr\/index.php?rest_route=%2Fwp%2Fv2%2Fcategories&post=308781"},{"taxonomy":"post_tag","embeddable":true,"href":"https:\/\/archive.sana.sy\/tr\/index.php?rest_route=%2Fwp%2Fv2%2Ftags&post=308781"}],"curies":[{"name":"wp","href":"https:\/\/api.w.org\/{rel}","templated":true}]}}