{"id":308785,"date":"2024-09-20T21:30:48","date_gmt":"2024-09-20T18:30:48","guid":{"rendered":"https:\/\/sana.sy\/tr\/?p=308785"},"modified":"2024-09-21T09:36:01","modified_gmt":"2024-09-21T06:36:01","slug":"birlesmis-milletler-lubnandaki-iletisim-cihazi-patlamalari-uluslararasi-hukukun-ihlalidir","status":"publish","type":"post","link":"https:\/\/archive.sana.sy\/tr\/?p=308785","title":{"rendered":"Birle\u015fmi\u015f Milletler: L\u00fcbnan&#8217;daki \u0130leti\u015fim Cihaz\u0131 Patlamalar\u0131 Uluslararas\u0131 Hukukun \u0130hlalidir"},"content":{"rendered":"<p style=\"text-align: justify;\"><strong>NEW YORK (SANA)<\/strong> &#8211; Birle\u015fmi\u015f Milletler \u0130nsan Haklar\u0131 Y\u00fcksek Komiseri Volker Turk, bug\u00fcn L\u00fcbnan&#8217;daki haberle\u015fme te\u00e7hizat\u0131 patlamalar\u0131n\u0131 k\u0131nayarak, bunlar\u0131n uluslararas\u0131 hukukun ihlali oldu\u011funu vurgulad\u0131.<\/p>\n<p style=\"text-align: justify;\">Agence France-Presse, \u0130srail&#8217;in L\u00fcbnan&#8217;a d\u00fczenledi\u011fi siber sald\u0131r\u0131n\u0131n ard\u0131ndan Cezayir&#8217;in talep etti\u011fi G\u00fcvenlik Konseyi oturumunda Turk&#8217;un \u015funlar\u0131 s\u00f6yledi\u011fini aktard\u0131: \u201cUluslararas\u0131 hukuk sivillerin bubi tuza\u011f\u0131 kurmas\u0131n\u0131 yasakl\u0131yor.\u201d<\/p>\n<p style=\"text-align: justify;\">Turk \u015funlar\u0131 ekledi:\u00a0 &#8220;Siviller aras\u0131nda ter\u00f6r yaymay\u0131 ama\u00e7layan \u015fiddet eylemlerinin ger\u00e7ekle\u015ftirilmesi sava\u015f su\u00e7udur.&#8221;<\/p>\n<p style=\"text-align: center;\"><strong><a href=\"https:\/\/t.me\/SuriyeArapHaberAjansI\">Telegram Kanal\u0131m\u0131z\u00a0<\/a>||<a href=\"https:\/\/twitter.com\/arap_ajans\">X Platformumuz\u00a0<\/a>||<a href=\"https:\/\/www.facebook.com\/SANAHaberAjansi\/\">Facebook Sayfam\u0131z<\/a><\/strong><\/p>\n","protected":false},"excerpt":{"rendered":"<p>NEW YORK (SANA) &#8211; Birle\u015fmi\u015f Milletler \u0130nsan Haklar\u0131 Y\u00fcksek Komiseri Volker Turk, bug\u00fcn L\u00fcbnan&#8217;daki haberle\u015fme te\u00e7hizat\u0131 patlamalar\u0131n\u0131 k\u0131nayarak, bunlar\u0131n uluslararas\u0131 hukukun ihlali oldu\u011funu vurgulad\u0131. Agence France-Presse, \u0130srail&#8217;in L\u00fcbnan&#8217;a d\u00fczenledi\u011fi siber sald\u0131r\u0131n\u0131n ard\u0131ndan Cezayir&#8217;in talep etti\u011fi G\u00fcvenlik Konseyi oturumunda Turk&#8217;un \u015funlar\u0131 s\u00f6yledi\u011fini aktard\u0131: \u201cUluslararas\u0131 hukuk sivillerin bubi tuza\u011f\u0131 kurmas\u0131n\u0131 yasakl\u0131yor.\u201d Turk \u015funlar\u0131 ekledi:\u00a0 &#8220;Siviller aras\u0131nda ter\u00f6r &hellip;<\/p>\n","protected":false},"author":41,"featured_media":308786,"comment_status":"closed","ping_status":"closed","sticky":false,"template":"","format":"standard","meta":{"footnotes":""},"categories":[458,589,459,17988],"tags":[42427],"class_list":["post-308785","post","type-post","status-publish","format-standard","has-post-thumbnail","","category-dunya1","category-haber-seridi","category-haberler-arap-uluslararasi-politika","category-son-haberler","tag-birlesmis-milletler-lubnandaki-iletisim-cihazi-patlamalari-uluslararasi-hukukun-ihlalidir"],"_links":{"self":[{"href":"https:\/\/archive.sana.sy\/tr\/index.php?rest_route=\/wp\/v2\/posts\/308785","targetHints":{"allow":["GET"]}}],"collection":[{"href":"https:\/\/archive.sana.sy\/tr\/index.php?rest_route=\/wp\/v2\/posts"}],"about":[{"href":"https:\/\/archive.sana.sy\/tr\/index.php?rest_route=\/wp\/v2\/types\/post"}],"author":[{"embeddable":true,"href":"https:\/\/archive.sana.sy\/tr\/index.php?rest_route=\/wp\/v2\/users\/41"}],"replies":[{"embeddable":true,"href":"https:\/\/archive.sana.sy\/tr\/index.php?rest_route=%2Fwp%2Fv2%2Fcomments&post=308785"}],"version-history":[{"count":1,"href":"https:\/\/archive.sana.sy\/tr\/index.php?rest_route=\/wp\/v2\/posts\/308785\/revisions"}],"predecessor-version":[{"id":308787,"href":"https:\/\/archive.sana.sy\/tr\/index.php?rest_route=\/wp\/v2\/posts\/308785\/revisions\/308787"}],"wp:featuredmedia":[{"embeddable":true,"href":"https:\/\/archive.sana.sy\/tr\/index.php?rest_route=\/wp\/v2\/media\/308786"}],"wp:attachment":[{"href":"https:\/\/archive.sana.sy\/tr\/index.php?rest_route=%2Fwp%2Fv2%2Fmedia&parent=308785"}],"wp:term":[{"taxonomy":"category","embeddable":true,"href":"https:\/\/archive.sana.sy\/tr\/index.php?rest_route=%2Fwp%2Fv2%2Fcategories&post=308785"},{"taxonomy":"post_tag","embeddable":true,"href":"https:\/\/archive.sana.sy\/tr\/index.php?rest_route=%2Fwp%2Fv2%2Ftags&post=308785"}],"curies":[{"name":"wp","href":"https:\/\/api.w.org\/{rel}","templated":true}]}}