{"id":308788,"date":"2024-09-20T23:00:55","date_gmt":"2024-09-20T20:00:55","guid":{"rendered":"https:\/\/sana.sy\/tr\/?p=308788"},"modified":"2024-09-21T09:41:03","modified_gmt":"2024-09-21T06:41:03","slug":"buhabib-gk-huzurunda-israil-haydut-bir-varliktir-ve-cezadan-kacmaya-devam-etmesine-izin-verilemez","status":"publish","type":"post","link":"https:\/\/archive.sana.sy\/tr\/?p=308788","title":{"rendered":"Buhabib GK Huzurunda: &#8220;\u0130srail&#8221; Haydut Bir Varl\u0131kt\u0131r Ve Cezadan Ka\u00e7maya Devam Etmesine \u0130zin Verilemez"},"content":{"rendered":"<p style=\"text-align: justify;\"><strong>BEYRUT <\/strong><strong>(SANA)<\/strong> &#8211; L\u00fcbnan ge\u00e7ici h\u00fck\u00fcmetinin D\u0131\u015fi\u015fleri Bakan\u0131 Abdullah Buhabib, \u0130srail&#8217;in L\u00fcbnan&#8217;a y\u00f6nelik siber sald\u0131r\u0131s\u0131n\u0131n b\u00fct\u00fcn bir halk\u0131 hedef ald\u0131\u011f\u0131n\u0131 do\u011frulayarak, Uluslararas\u0131 me\u015fruiyet kararlar\u0131n\u0131 hi\u00e7e sayan haydut bir varl\u0131\u011f\u0131n cezas\u0131z kalmas\u0131na izin verilemeyece\u011fini kaydetti.<\/p>\n<p style=\"text-align: justify;\">Buhabib ayr\u0131ca, bug\u00fcn G\u00fcvenlik Konseyi&#8217;nin \u0130srail sald\u0131rganl\u0131\u011f\u0131yla ilgili acil oturumunda, i\u015fgal g\u00fcc\u00fcn\u00fcn L\u00fcbnan&#8217;daki binlerce ileti\u015fim cihaz\u0131n\u0131 hedef almas\u0131n\u0131n vah\u015fet ve ter\u00f6rizm a\u00e7\u0131s\u0131ndan benzeri g\u00f6r\u00fclmemi\u015f bir y\u00f6ntem oldu\u011funu ve sava\u015f su\u00e7u olarak s\u0131n\u0131fland\u0131r\u0131ld\u0131\u011f\u0131n\u0131 a\u00e7\u0131klayarak, bu sald\u0131rganl\u0131\u011f\u0131n d\u00fczinelerce \u00f6l\u00fcmle ve y\u00fczlerce masum sivilin yaralanmas\u0131yla sonu\u00e7land\u0131\u011f\u0131n\u0131 ve bu barbar sald\u0131rganl\u0131ktan sonra d\u00fcnyadaki hi\u00e7 kimsenin g\u00fcvende olmad\u0131\u011f\u0131n\u0131 belirtti.<\/p>\n<p style=\"text-align: justify;\">Bakan Buhabib, bu ter\u00f6r eyleminin G\u00fcvenlik Konseyi&#8217;nin ciddi bir m\u00fcdahalesi olmadan kabul edilmesi halinde g\u00fcvenilirli\u011finin b\u00fcy\u00fck tehlike alt\u0131nda olaca\u011f\u0131n\u0131 vurgularken, &#8220;\u0130srail&#8221;in uluslararas\u0131 me\u015fruiyet kararlar\u0131n\u0131 k\u00fc\u00e7\u00fcmseyen haydut bir varl\u0131k oldu\u011funu ve cezas\u0131z kalmas\u0131na izin verilmeyece\u011fini vurgulad\u0131.<\/p>\n<p style=\"text-align: justify;\">L\u00fcbnanl\u0131 Bakan konu\u015fmas\u0131nda da, i\u015fgal varl\u0131\u011f\u0131n\u0131n L\u00fcbnan&#8217;a ve b\u00f6lge \u00fclkelerine y\u00f6nelik devam eden sald\u0131r\u0131lar\u0131n\u0131n benzeri g\u00f6r\u00fclmemi\u015f kapsaml\u0131 bir sava\u015fa yol a\u00e7abilece\u011fi ve bu nedenle G\u00fcvenlik Konseyi \u00f6n\u00fcndeki tercihin ya sava\u015f ya da 1701 No&#8217;lu Karar ve ilgili kararlara ba\u011fl\u0131l\u0131k olaca\u011f\u0131 konusunda uyar\u0131da bulundu.<\/p>\n<p style=\"text-align: center;\"><strong><a href=\"https:\/\/t.me\/SuriyeArapHaberAjansI\">Telegram Kanal\u0131m\u0131z\u00a0<\/a>||<a href=\"https:\/\/twitter.com\/arap_ajans\">X Platformumuz\u00a0<\/a>||<a href=\"https:\/\/www.facebook.com\/SANAHaberAjansi\/\">Facebook Sayfam\u0131z<\/a><\/strong><\/p>\n","protected":false},"excerpt":{"rendered":"<p>BEYRUT (SANA) &#8211; L\u00fcbnan ge\u00e7ici h\u00fck\u00fcmetinin D\u0131\u015fi\u015fleri Bakan\u0131 Abdullah Buhabib, \u0130srail&#8217;in L\u00fcbnan&#8217;a y\u00f6nelik siber sald\u0131r\u0131s\u0131n\u0131n b\u00fct\u00fcn bir halk\u0131 hedef ald\u0131\u011f\u0131n\u0131 do\u011frulayarak, Uluslararas\u0131 me\u015fruiyet kararlar\u0131n\u0131 hi\u00e7e sayan haydut bir varl\u0131\u011f\u0131n cezas\u0131z kalmas\u0131na izin verilemeyece\u011fini kaydetti. Buhabib ayr\u0131ca, bug\u00fcn G\u00fcvenlik Konseyi&#8217;nin \u0130srail sald\u0131rganl\u0131\u011f\u0131yla ilgili acil oturumunda, i\u015fgal g\u00fcc\u00fcn\u00fcn L\u00fcbnan&#8217;daki binlerce ileti\u015fim cihaz\u0131n\u0131 hedef almas\u0131n\u0131n vah\u015fet ve ter\u00f6rizm &hellip;<\/p>\n","protected":false},"author":41,"featured_media":308789,"comment_status":"closed","ping_status":"closed","sticky":false,"template":"","format":"standard","meta":{"footnotes":""},"categories":[458,589,459,17988],"tags":[42428],"class_list":["post-308788","post","type-post","status-publish","format-standard","has-post-thumbnail","","category-dunya1","category-haber-seridi","category-haberler-arap-uluslararasi-politika","category-son-haberler","tag-buhabib-gk-huzurunda-israil-haydut-bir-varliktir-ve-cezadan-kacmaya-devam-etmesine-izin-verilemez"],"_links":{"self":[{"href":"https:\/\/archive.sana.sy\/tr\/index.php?rest_route=\/wp\/v2\/posts\/308788","targetHints":{"allow":["GET"]}}],"collection":[{"href":"https:\/\/archive.sana.sy\/tr\/index.php?rest_route=\/wp\/v2\/posts"}],"about":[{"href":"https:\/\/archive.sana.sy\/tr\/index.php?rest_route=\/wp\/v2\/types\/post"}],"author":[{"embeddable":true,"href":"https:\/\/archive.sana.sy\/tr\/index.php?rest_route=\/wp\/v2\/users\/41"}],"replies":[{"embeddable":true,"href":"https:\/\/archive.sana.sy\/tr\/index.php?rest_route=%2Fwp%2Fv2%2Fcomments&post=308788"}],"version-history":[{"count":1,"href":"https:\/\/archive.sana.sy\/tr\/index.php?rest_route=\/wp\/v2\/posts\/308788\/revisions"}],"predecessor-version":[{"id":308790,"href":"https:\/\/archive.sana.sy\/tr\/index.php?rest_route=\/wp\/v2\/posts\/308788\/revisions\/308790"}],"wp:featuredmedia":[{"embeddable":true,"href":"https:\/\/archive.sana.sy\/tr\/index.php?rest_route=\/wp\/v2\/media\/308789"}],"wp:attachment":[{"href":"https:\/\/archive.sana.sy\/tr\/index.php?rest_route=%2Fwp%2Fv2%2Fmedia&parent=308788"}],"wp:term":[{"taxonomy":"category","embeddable":true,"href":"https:\/\/archive.sana.sy\/tr\/index.php?rest_route=%2Fwp%2Fv2%2Fcategories&post=308788"},{"taxonomy":"post_tag","embeddable":true,"href":"https:\/\/archive.sana.sy\/tr\/index.php?rest_route=%2Fwp%2Fv2%2Ftags&post=308788"}],"curies":[{"name":"wp","href":"https:\/\/api.w.org\/{rel}","templated":true}]}}