{"id":308791,"date":"2024-09-20T23:30:00","date_gmt":"2024-09-20T20:30:00","guid":{"rendered":"https:\/\/sana.sy\/tr\/?p=308791"},"modified":"2024-09-22T09:21:15","modified_gmt":"2024-09-22T06:21:15","slug":"buyukelci-dahhak-gk-israilin-lubnana-yonelik-saldirganligini-kinamali-ve-sorumluluklarini-yerine-getirmelidir","status":"publish","type":"post","link":"https:\/\/archive.sana.sy\/tr\/?p=308791","title":{"rendered":"B\u00fcy\u00fckel\u00e7i Dahhak: GK \u0130srail&#8217;in L\u00fcbnan&#8217;a Y\u00f6nelik Sald\u0131rganl\u0131\u011f\u0131n\u0131 K\u0131namal\u0131 Ve Sorumluluklar\u0131n\u0131 Yerine Getirmelidir  \u00a0"},"content":{"rendered":"<p style=\"text-align: justify;\"><strong>NEW YORK <\/strong><strong>(SANA) &#8211; <\/strong>Suriye&#8217;nin Birle\u015fmi\u015f Milletler Daimi Temsilcisi ve Arap Grubu Ba\u015fkan\u0131 B\u00fcy\u00fckel\u00e7i Kusey Dahhak, G\u00fcvenlik Konseyi&#8217;ni \u0130srail&#8217;in L\u00fcbnan&#8217;a y\u00f6nelik siber sald\u0131r\u0131s\u0131n\u0131 k\u0131namaya ve uluslararas\u0131 bar\u0131\u015f ve g\u00fcvenli\u011fi koruma konusundaki sorumluluklar\u0131n\u0131 \u00fcstlenmeye \u00e7a\u011f\u0131rarak, \u00a0\u0130\u015fgalci varl\u0131\u011f\u0131n, sivil ama\u00e7larla kullan\u0131lan cihazlar\u0131, ta\u015f\u0131y\u0131c\u0131lar\u0131n\u0131 \u00f6ld\u00fcren saatli bombalara d\u00f6n\u00fc\u015ft\u00fcrerek, kitlesel katliamlarla insanl\u0131\u011fa hizmet etmek amac\u0131yla L\u00fcbnan&#8217;a y\u00f6nelik sald\u0131r\u0131s\u0131nda modern teknolojileri kulland\u0131\u011f\u0131na dikkat \u00e7ekti.<\/p>\n<p style=\"text-align: justify;\">B\u00fcy\u00fckel\u00e7i Dahhak, i\u015fgal varl\u0131\u011f\u0131n\u0131n barbarl\u0131\u011f\u0131n\u0131n yeni olmad\u0131\u011f\u0131n\u0131, kurulu\u015fundan bu yana cinayete, ter\u00f6rizme, katliam ve zul\u00fcmlere dayand\u0131\u011f\u0131n\u0131 belirterek, &#8221;Ancak yeni olan, insanl\u0131\u011f\u0131n, insanl\u0131\u011f\u0131n iyili\u011fine ve refah\u0131na hizmet etmek i\u00e7in yarat\u0131lan modern teknolojilerin sivilleri toplu katliam i\u00e7in kullanmas\u0131 da dahil olmak \u00fczere son sald\u0131rganl\u0131\u011f\u0131n\u0131 karakterize eden \u015feydir. \u00c7e\u015fitli sekt\u00f6rlerde sivil ama\u00e7larla kullan\u0131lan s\u0131radan cihazlar\u0131, ta\u015f\u0131yanlar\u0131 ayr\u0131m g\u00f6zetmeden \u00f6ld\u00fcren, kendilerinin ve \u00e7evresindekilerin a\u011f\u0131r yaralanmas\u0131na neden olan saatli bombalara d\u00f6n\u00fc\u015ft\u00fcr\u00fcyoruz. Her t\u00fcrl\u00fc ileti\u015fim cihaz\u0131n\u0131n g\u00fcvenilirli\u011fi ve g\u00fcvenli\u011fi konusunda d\u00fcnya \u00e7ap\u0131nda bir g\u00fcven eksikli\u011fi yaratt\u0131&#8221; ifadelerini kulland\u0131.<\/p>\n<p style=\"text-align: justify;\">\u0130\u015fgalci \u0130srail&#8217;in ge\u00e7ti\u011fimiz aylarda hava trafi\u011fini aksatmak, uluslararas\u0131 sivil havac\u0131l\u0131\u011f\u0131n g\u00fcvenli\u011fini ve L\u00fcbnan hava sahas\u0131ndaki yolcular\u0131n g\u00fcvenli\u011fini tehdit etmek i\u00e7in siber sald\u0131r\u0131lar\u0131 kulland\u0131\u011f\u0131n\u0131 belirten B\u00fcy\u00fckel\u00e7i Dahhak, Arap Grubu&#8217;nun, \u0130srail&#8217;in karde\u015f L\u00fcbnan halk\u0131na y\u00f6nelik ter\u00f6rist sald\u0131r\u0131s\u0131n\u0131 en g\u00fc\u00e7l\u00fc ifadelerle k\u0131nad\u0131\u011f\u0131n\u0131 ifade etti ve faillerinin sorumlu tutulmas\u0131 \u00e7a\u011fr\u0131s\u0131nda bulunarak, L\u00fcbnan h\u00fck\u00fcmetine ve halk\u0131na samimi taziyelerini sundu ve Grubun L\u00fcbnan&#8217;la tam dayan\u0131\u015fma i\u00e7inde oldu\u011funu, direni\u015fine ve \u00fclkenin g\u00fcvenli\u011fini ve istikrar\u0131n\u0131 tehdit eden ve L\u00fcbnan&#8217;a ek y\u00fckler getiren \u0130srail sald\u0131rganl\u0131\u011f\u0131na tepkisine verdi\u011fi deste\u011fi vurgulad\u0131.<\/p>\n<p style=\"text-align: justify;\">Arap Grubu ad\u0131na B\u00fcy\u00fckel\u00e7i Dahhak, G\u00fcvenlik Konseyi&#8217;ne bu \u0130srail siber ter\u00f6r\u00fcn\u00fc ve karde\u015f L\u00fcbnan&#8217;a y\u00f6nelik devam eden sald\u0131rganl\u0131\u011f\u0131 k\u0131namas\u0131 \u00e7a\u011fr\u0131s\u0131nda bulunurken de,\u00a0 Arap Grubunun G\u00fcvenlik Konseyi&#8217;ne uluslararas\u0131 bar\u0131\u015f ve g\u00fcvenli\u011fin korunmas\u0131ndaki sorumluluklar\u0131n\u0131 \u00fcstlenmesi ve sald\u0131r\u0131y\u0131 derhal durdurmas\u0131 y\u00f6n\u00fcndeki \u00e7a\u011fr\u0131s\u0131n\u0131 yineledi.<\/p>\n<p style=\"text-align: justify;\">Daimi Temsilci ayr\u0131ca Suriye ad\u0131na da \u0130srail&#8217;in karde\u015f L\u00fcbnan&#8217;a y\u00f6nelik devam eden ve siber ter\u00f6rizm de dahil olmak \u00fczere onlarca ki\u015finin \u00f6l\u00fcm\u00fcne ve binlerce ki\u015finin yaralanmas\u0131na yol a\u00e7an sald\u0131rganl\u0131\u011f\u0131n\u0131 k\u0131nayan a\u00e7\u0131klamalarda bulundu.<\/p>\n<p style=\"text-align: justify;\">B\u00fcy\u00fckel\u00e7i Dahhak, Suriye&#8217;nin karde\u015f L\u00fcbnan halk\u0131yla g\u00fc\u00e7l\u00fc dayan\u0131\u015fmas\u0131n\u0131 ve onlar\u0131n yan\u0131nda durdu\u011funu do\u011frularken, d\u00fcnyan\u0131n t\u00fcm \u00fclkelerine ve halklar\u0131na, \u0130srail&#8217;in L\u00fcbnan&#8217;a y\u00f6nelik sald\u0131rganl\u0131\u011f\u0131n\u0131 k\u0131nama, durdurmak i\u00e7in harekete ge\u00e7me ve i\u015fgalci yetkililere i\u015fledikleri su\u00e7lardan hesap sorma da \u00e7a\u011fr\u0131s\u0131nda bulunuyoruz.<\/p>\n<p style=\"text-align: center;\"><strong><a href=\"https:\/\/t.me\/SuriyeArapHaberAjansI\">Telegram Kanal\u0131m\u0131z\u00a0<\/a>||<a href=\"https:\/\/twitter.com\/arap_ajans\">X Platformumuz\u00a0<\/a>||<a href=\"https:\/\/www.facebook.com\/SANAHaberAjansi\/\">Facebook Sayfam\u0131z<\/a><\/strong><\/p>\n","protected":false},"excerpt":{"rendered":"<p>NEW YORK (SANA) &#8211; Suriye&#8217;nin Birle\u015fmi\u015f Milletler Daimi Temsilcisi ve Arap Grubu Ba\u015fkan\u0131 B\u00fcy\u00fckel\u00e7i Kusey Dahhak, G\u00fcvenlik Konseyi&#8217;ni \u0130srail&#8217;in L\u00fcbnan&#8217;a y\u00f6nelik siber sald\u0131r\u0131s\u0131n\u0131 k\u0131namaya ve uluslararas\u0131 bar\u0131\u015f ve g\u00fcvenli\u011fi koruma konusundaki sorumluluklar\u0131n\u0131 \u00fcstlenmeye \u00e7a\u011f\u0131rarak, \u00a0\u0130\u015fgalci varl\u0131\u011f\u0131n, sivil ama\u00e7larla kullan\u0131lan cihazlar\u0131, ta\u015f\u0131y\u0131c\u0131lar\u0131n\u0131 \u00f6ld\u00fcren saatli bombalara d\u00f6n\u00fc\u015ft\u00fcrerek, kitlesel katliamlarla insanl\u0131\u011fa hizmet etmek amac\u0131yla L\u00fcbnan&#8217;a y\u00f6nelik sald\u0131r\u0131s\u0131nda modern &hellip;<\/p>\n","protected":false},"author":41,"featured_media":308792,"comment_status":"closed","ping_status":"closed","sticky":false,"template":"","format":"standard","meta":{"footnotes":""},"categories":[458,459,17988],"tags":[42429],"class_list":["post-308791","post","type-post","status-publish","format-standard","has-post-thumbnail","","category-dunya1","category-haberler-arap-uluslararasi-politika","category-son-haberler","tag-buyukelci-dahhak-gk-israilin-lubnana-yonelik-saldirganligini-kinamali-ve-sorumluluklarini-yerine-getirmelidir"],"_links":{"self":[{"href":"https:\/\/archive.sana.sy\/tr\/index.php?rest_route=\/wp\/v2\/posts\/308791","targetHints":{"allow":["GET"]}}],"collection":[{"href":"https:\/\/archive.sana.sy\/tr\/index.php?rest_route=\/wp\/v2\/posts"}],"about":[{"href":"https:\/\/archive.sana.sy\/tr\/index.php?rest_route=\/wp\/v2\/types\/post"}],"author":[{"embeddable":true,"href":"https:\/\/archive.sana.sy\/tr\/index.php?rest_route=\/wp\/v2\/users\/41"}],"replies":[{"embeddable":true,"href":"https:\/\/archive.sana.sy\/tr\/index.php?rest_route=%2Fwp%2Fv2%2Fcomments&post=308791"}],"version-history":[{"count":1,"href":"https:\/\/archive.sana.sy\/tr\/index.php?rest_route=\/wp\/v2\/posts\/308791\/revisions"}],"predecessor-version":[{"id":308793,"href":"https:\/\/archive.sana.sy\/tr\/index.php?rest_route=\/wp\/v2\/posts\/308791\/revisions\/308793"}],"wp:featuredmedia":[{"embeddable":true,"href":"https:\/\/archive.sana.sy\/tr\/index.php?rest_route=\/wp\/v2\/media\/308792"}],"wp:attachment":[{"href":"https:\/\/archive.sana.sy\/tr\/index.php?rest_route=%2Fwp%2Fv2%2Fmedia&parent=308791"}],"wp:term":[{"taxonomy":"category","embeddable":true,"href":"https:\/\/archive.sana.sy\/tr\/index.php?rest_route=%2Fwp%2Fv2%2Fcategories&post=308791"},{"taxonomy":"post_tag","embeddable":true,"href":"https:\/\/archive.sana.sy\/tr\/index.php?rest_route=%2Fwp%2Fv2%2Ftags&post=308791"}],"curies":[{"name":"wp","href":"https:\/\/api.w.org\/{rel}","templated":true}]}}