{"id":308794,"date":"2024-09-21T09:00:31","date_gmt":"2024-09-21T06:00:31","guid":{"rendered":"https:\/\/sana.sy\/tr\/?p=308794"},"modified":"2024-09-21T10:58:55","modified_gmt":"2024-09-21T07:58:55","slug":"gazze-seridinin-merkezindeki-isgal-saldirganliginda-4-sehit","status":"publish","type":"post","link":"https:\/\/archive.sana.sy\/tr\/?p=308794","title":{"rendered":"Gazze \u015eeridi&#8217;nin Merkezindeki \u0130\u015fgal Sald\u0131rganl\u0131\u011f\u0131nda 4 \u015eehit"},"content":{"rendered":"<p style=\"text-align: justify;\">\u0130\u015eGAL ED\u0130LEN KUD\u00dcS (SANA) \u2013 \u0130\u015fgalci \u0130srail\u2019in g\u00fc\u00e7lerinin bug\u00fcn \u015fafak vakti Gazze \u015eeridi&#8217;nin merkezindeki b\u00f6lgelere d\u00fczenledi\u011fi bombal\u0131 saldirganl\u0131\u011f\u0131nda 4 Filistinli \u015fehit oldu.<\/p>\n<p style=\"text-align: justify;\">Filistin WAFA Ajans\u0131, Gazze \u015eeridi&#8217;nin merkezindeki Nuseyrat kamp\u0131ndaki bir grup Filistinliyi hedef alan f\u00fcze sald\u0131r\u0131s\u0131nda ambulans ekiplerinin 4 \u015fehit ve \u00e7ok say\u0131da yaral\u0131y\u0131 kurtard\u0131\u011f\u0131n\u0131 bildirdi.|<\/p>\n<p style=\"text-align: justify;\">\u0130\u015fgalci top\u00e7u birliklerinin Gazze \u015eeridi&#8217;nin g\u00fcneyindeki Refah \u015fehrinin do\u011fusundaki El Cenine mahallesindeki evleri bombalamas\u0131 sonucu onlarca ki\u015fi yaraland\u0131.<\/p>\n<p style=\"text-align: justify;\">Sald\u0131rganl\u0131\u011f\u0131n ba\u015flad\u0131\u011f\u0131 7 Ekim 2023&#8217;ten bu yana Gazze \u015eeridi&#8217;nde \u00e7o\u011funlu\u011fu \u00e7ocuk ve kad\u0131n olmak \u00fczere \u015fehit say\u0131s\u0131 41 binin \u00fczerine \u00e7\u0131karken, \u00f6l\u00fc say\u0131s\u0131 da 95 bine ula\u015ft\u0131 ve hala binlerce ma\u011fdur enkaz alt\u0131nda kal\u0131yor.<\/p>\n<p style=\"text-align: center;\"><strong><a href=\"https:\/\/t.me\/SuriyeArapHaberAjansI\">Telegram Kanal\u0131m\u0131z\u00a0<\/a>||<a href=\"https:\/\/twitter.com\/arap_ajans\">X Platformumuz\u00a0<\/a>||<a href=\"https:\/\/www.facebook.com\/SANAHaberAjansi\/\">Facebook Sayfam\u0131z<\/a><\/strong><\/p>\n","protected":false},"excerpt":{"rendered":"<p>\u0130\u015eGAL ED\u0130LEN KUD\u00dcS (SANA) \u2013 \u0130\u015fgalci \u0130srail\u2019in g\u00fc\u00e7lerinin bug\u00fcn \u015fafak vakti Gazze \u015eeridi&#8217;nin merkezindeki b\u00f6lgelere d\u00fczenledi\u011fi bombal\u0131 saldirganl\u0131\u011f\u0131nda 4 Filistinli \u015fehit oldu. Filistin WAFA Ajans\u0131, Gazze \u015eeridi&#8217;nin merkezindeki Nuseyrat kamp\u0131ndaki bir grup Filistinliyi hedef alan f\u00fcze sald\u0131r\u0131s\u0131nda ambulans ekiplerinin 4 \u015fehit ve \u00e7ok say\u0131da yaral\u0131y\u0131 kurtard\u0131\u011f\u0131n\u0131 bildirdi.| \u0130\u015fgalci top\u00e7u birliklerinin Gazze \u015eeridi&#8217;nin g\u00fcneyindeki Refah \u015fehrinin &hellip;<\/p>\n","protected":false},"author":41,"featured_media":308795,"comment_status":"closed","ping_status":"closed","sticky":false,"template":"","format":"standard","meta":{"footnotes":""},"categories":[458,589,459,17988],"tags":[42430],"class_list":["post-308794","post","type-post","status-publish","format-standard","has-post-thumbnail","","category-dunya1","category-haber-seridi","category-haberler-arap-uluslararasi-politika","category-son-haberler","tag-gazze-seridinin-merkezindeki-isgal-saldirganliginda-4-sehit"],"_links":{"self":[{"href":"https:\/\/archive.sana.sy\/tr\/index.php?rest_route=\/wp\/v2\/posts\/308794","targetHints":{"allow":["GET"]}}],"collection":[{"href":"https:\/\/archive.sana.sy\/tr\/index.php?rest_route=\/wp\/v2\/posts"}],"about":[{"href":"https:\/\/archive.sana.sy\/tr\/index.php?rest_route=\/wp\/v2\/types\/post"}],"author":[{"embeddable":true,"href":"https:\/\/archive.sana.sy\/tr\/index.php?rest_route=\/wp\/v2\/users\/41"}],"replies":[{"embeddable":true,"href":"https:\/\/archive.sana.sy\/tr\/index.php?rest_route=%2Fwp%2Fv2%2Fcomments&post=308794"}],"version-history":[{"count":1,"href":"https:\/\/archive.sana.sy\/tr\/index.php?rest_route=\/wp\/v2\/posts\/308794\/revisions"}],"predecessor-version":[{"id":308796,"href":"https:\/\/archive.sana.sy\/tr\/index.php?rest_route=\/wp\/v2\/posts\/308794\/revisions\/308796"}],"wp:featuredmedia":[{"embeddable":true,"href":"https:\/\/archive.sana.sy\/tr\/index.php?rest_route=\/wp\/v2\/media\/308795"}],"wp:attachment":[{"href":"https:\/\/archive.sana.sy\/tr\/index.php?rest_route=%2Fwp%2Fv2%2Fmedia&parent=308794"}],"wp:term":[{"taxonomy":"category","embeddable":true,"href":"https:\/\/archive.sana.sy\/tr\/index.php?rest_route=%2Fwp%2Fv2%2Fcategories&post=308794"},{"taxonomy":"post_tag","embeddable":true,"href":"https:\/\/archive.sana.sy\/tr\/index.php?rest_route=%2Fwp%2Fv2%2Ftags&post=308794"}],"curies":[{"name":"wp","href":"https:\/\/api.w.org\/{rel}","templated":true}]}}