{"id":308797,"date":"2024-09-21T10:02:48","date_gmt":"2024-09-21T07:02:48","guid":{"rendered":"https:\/\/sana.sy\/tr\/?p=308797"},"modified":"2024-09-21T11:20:00","modified_gmt":"2024-09-21T08:20:00","slug":"lubnan-direnisi-dusman-israile-ait-bir-merkava-tanki-imha-etti","status":"publish","type":"post","link":"https:\/\/archive.sana.sy\/tr\/?p=308797","title":{"rendered":"L\u00fcbnan Direni\u015fi D\u00fc\u015fman \u0130srail&#8217;e Ait Bir Merkava Tank\u0131 \u0130mha Etti"},"content":{"rendered":"<p style=\"text-align: justify;\"><strong>BEYRUT <\/strong><strong>(SANA)<\/strong> &#8211;\u00a0 L\u00fcbnan direni\u015fi, d\u00fcn gece i\u015fgal alt\u0131ndaki Filistin&#8217;in kuzeyindeki Ebu Decc tepelerinde \u0130srail d\u00fc\u015fman\u0131 Merkava tank\u0131n\u0131 imha etti\u011fini duyurdu.<\/p>\n<p style=\"text-align: justify;\">Direni\u015f yapt\u0131\u011f\u0131 a\u00e7\u0131klamada \u015funlar\u0131 s\u00f6yledi: &#8220;Gazze \u015eeridi&#8217;ndeki kararl\u0131 Filistin halk\u0131m\u0131za olarak, \u00a0D\u00fc\u015fman askerlerinin takip ve izlemesi sonras\u0131nda, bir Merkava tank\u0131 Ebu Decc tepesine ula\u015ft\u0131\u011f\u0131nda direni\u015f sava\u015f\u00e7\u0131lar\u0131 onu hedef ald\u0131 ve do\u011frudan isapet ett. Bu da onun imhas\u0131na yol a\u00e7t\u0131.&#8221;<\/p>\n<p style=\"text-align: justify;\">Direni\u015f ikinci a\u00e7\u0131klamas\u0131nda d\u00fc\u015fman \u0130srail Ebu Decc tepesini top mermileriyle hedef ald\u0131\u011f\u0131n\u0131 duyurdu.<\/p>\n<p style=\"text-align: center;\"><strong><a href=\"https:\/\/t.me\/SuriyeArapHaberAjansI\">Telegram Kanal\u0131m\u0131z\u00a0<\/a>||<a href=\"https:\/\/twitter.com\/arap_ajans\">X Platformumuz\u00a0<\/a>||<a href=\"https:\/\/www.facebook.com\/SANAHaberAjansi\/\">Facebook Sayfam\u0131z<\/a><\/strong><\/p>\n","protected":false},"excerpt":{"rendered":"<p>BEYRUT (SANA) &#8211;\u00a0 L\u00fcbnan direni\u015fi, d\u00fcn gece i\u015fgal alt\u0131ndaki Filistin&#8217;in kuzeyindeki Ebu Decc tepelerinde \u0130srail d\u00fc\u015fman\u0131 Merkava tank\u0131n\u0131 imha etti\u011fini duyurdu. Direni\u015f yapt\u0131\u011f\u0131 a\u00e7\u0131klamada \u015funlar\u0131 s\u00f6yledi: &#8220;Gazze \u015eeridi&#8217;ndeki kararl\u0131 Filistin halk\u0131m\u0131za olarak, \u00a0D\u00fc\u015fman askerlerinin takip ve izlemesi sonras\u0131nda, bir Merkava tank\u0131 Ebu Decc tepesine ula\u015ft\u0131\u011f\u0131nda direni\u015f sava\u015f\u00e7\u0131lar\u0131 onu hedef ald\u0131 ve do\u011frudan isapet ett. Bu &hellip;<\/p>\n","protected":false},"author":41,"featured_media":308799,"comment_status":"closed","ping_status":"closed","sticky":false,"template":"","format":"standard","meta":{"footnotes":""},"categories":[458,589,459,17988,1],"tags":[42431],"class_list":["post-308797","post","type-post","status-publish","format-standard","has-post-thumbnail","","category-dunya1","category-haber-seridi","category-haberler-arap-uluslararasi-politika","category-son-haberler","category-news-not-sorted","tag-lubnan-direnisi-dusman-israile-ait-bir-merkava-tanki-imha-etti"],"_links":{"self":[{"href":"https:\/\/archive.sana.sy\/tr\/index.php?rest_route=\/wp\/v2\/posts\/308797","targetHints":{"allow":["GET"]}}],"collection":[{"href":"https:\/\/archive.sana.sy\/tr\/index.php?rest_route=\/wp\/v2\/posts"}],"about":[{"href":"https:\/\/archive.sana.sy\/tr\/index.php?rest_route=\/wp\/v2\/types\/post"}],"author":[{"embeddable":true,"href":"https:\/\/archive.sana.sy\/tr\/index.php?rest_route=\/wp\/v2\/users\/41"}],"replies":[{"embeddable":true,"href":"https:\/\/archive.sana.sy\/tr\/index.php?rest_route=%2Fwp%2Fv2%2Fcomments&post=308797"}],"version-history":[{"count":1,"href":"https:\/\/archive.sana.sy\/tr\/index.php?rest_route=\/wp\/v2\/posts\/308797\/revisions"}],"predecessor-version":[{"id":308800,"href":"https:\/\/archive.sana.sy\/tr\/index.php?rest_route=\/wp\/v2\/posts\/308797\/revisions\/308800"}],"wp:featuredmedia":[{"embeddable":true,"href":"https:\/\/archive.sana.sy\/tr\/index.php?rest_route=\/wp\/v2\/media\/308799"}],"wp:attachment":[{"href":"https:\/\/archive.sana.sy\/tr\/index.php?rest_route=%2Fwp%2Fv2%2Fmedia&parent=308797"}],"wp:term":[{"taxonomy":"category","embeddable":true,"href":"https:\/\/archive.sana.sy\/tr\/index.php?rest_route=%2Fwp%2Fv2%2Fcategories&post=308797"},{"taxonomy":"post_tag","embeddable":true,"href":"https:\/\/archive.sana.sy\/tr\/index.php?rest_route=%2Fwp%2Fv2%2Ftags&post=308797"}],"curies":[{"name":"wp","href":"https:\/\/api.w.org\/{rel}","templated":true}]}}