{"id":308803,"date":"2024-09-21T08:19:00","date_gmt":"2024-09-21T05:19:00","guid":{"rendered":"https:\/\/sana.sy\/tr\/?p=308803"},"modified":"2024-09-21T13:25:11","modified_gmt":"2024-09-21T10:25:11","slug":"gelecek-pazartesi-umman-sultanliginda-uluslararasi-sozlu-tarih-konferansinin-faaliyetleri-baslayacak","status":"publish","type":"post","link":"https:\/\/archive.sana.sy\/tr\/?p=308803","title":{"rendered":"Gelecek Pazartesi: Umman Sultanl\u0131\u011f\u0131&#8217;nda Uluslararas\u0131 S\u00f6zl\u00fc Tarih Konferans\u0131&#8217;n\u0131n faaliyetleri Ba\u015flayacak"},"content":{"rendered":"<p style=\"text-align: justify;\"><strong>\u015eAM (SANA)<\/strong> \u2013Vatan Belge Vakf\u0131\u2019n\u0131n kurucusu ve M\u00fctevelli Heyeti Ba\u015fkan\u0131 Buseyna \u015eaban ba\u015fkanl\u0131\u011f\u0131ndaki Suriye Arap Cumhuriyeti heyeti ve \u00e7ok say\u0131da Suriye kurumunun kat\u0131l\u0131m\u0131yla, Uluslararas\u0131 S\u00f6zl\u00fc Tarih Konferans\u0131 \u00f6n\u00fcm\u00fczdeki Pazartesi g\u00fcn\u00fc Umman Sultanl\u0131\u011f\u0131&#8217;nda Maskat Valisi Suud bin Hilal bin Hamad&#8217;\u0131n himayesinde d\u00fczenlenecek.<\/p>\n<p style=\"text-align: justify;\">&#8220;Uluslararas\u0131 S\u00f6zl\u00fc Tarih Konferans\u0131&#8230; Arap Kavram\u0131 ve Deneyimi&#8221; ba\u015fl\u0131kl\u0131 konferans, Maskat&#8217;\u0131n El Huveyir b\u00f6lgesindeki Grand Millennium Hotel&#8217;de \u00fc\u00e7 g\u00fcn s\u00fcrecek.<\/p>\n<p style=\"text-align: justify;\">Konferansa Vatan Belge Vakf\u0131&#8217;n\u0131n yan\u0131 s\u0131ra Suriye Kalk\u0131nma Vakf\u0131, \u015eam \u00dcniversitesi, K\u00fclt\u00fcr Bakanl\u0131\u011f\u0131 ve Suriye Enformasyon Bakanl\u0131\u011f\u0131 da kat\u0131l\u0131yor.<\/p>\n<p style=\"text-align: center;\"><strong><a href=\"https:\/\/t.me\/SuriyeArapHaberAjansI\">Telegram Kanal\u0131m\u0131z\u00a0<\/a>||<a href=\"https:\/\/twitter.com\/arap_ajans\">X Platformumuz\u00a0<\/a>||<a href=\"https:\/\/www.facebook.com\/SANAHaberAjansi\/\">Facebook Sayfam\u0131z<\/a><\/strong><\/p>\n","protected":false},"excerpt":{"rendered":"<p>\u015eAM (SANA) \u2013Vatan Belge Vakf\u0131\u2019n\u0131n kurucusu ve M\u00fctevelli Heyeti Ba\u015fkan\u0131 Buseyna \u015eaban ba\u015fkanl\u0131\u011f\u0131ndaki Suriye Arap Cumhuriyeti heyeti ve \u00e7ok say\u0131da Suriye kurumunun kat\u0131l\u0131m\u0131yla, Uluslararas\u0131 S\u00f6zl\u00fc Tarih Konferans\u0131 \u00f6n\u00fcm\u00fczdeki Pazartesi g\u00fcn\u00fc Umman Sultanl\u0131\u011f\u0131&#8217;nda Maskat Valisi Suud bin Hilal bin Hamad&#8217;\u0131n himayesinde d\u00fczenlenecek. &#8220;Uluslararas\u0131 S\u00f6zl\u00fc Tarih Konferans\u0131&#8230; Arap Kavram\u0131 ve Deneyimi&#8221; ba\u015fl\u0131kl\u0131 konferans, Maskat&#8217;\u0131n El Huveyir b\u00f6lgesindeki &hellip;<\/p>\n","protected":false},"author":41,"featured_media":308805,"comment_status":"closed","ping_status":"closed","sticky":false,"template":"","format":"standard","meta":{"footnotes":""},"categories":[458,589,459,17988],"tags":[],"class_list":["post-308803","post","type-post","status-publish","format-standard","has-post-thumbnail","","category-dunya1","category-haber-seridi","category-haberler-arap-uluslararasi-politika","category-son-haberler"],"_links":{"self":[{"href":"https:\/\/archive.sana.sy\/tr\/index.php?rest_route=\/wp\/v2\/posts\/308803","targetHints":{"allow":["GET"]}}],"collection":[{"href":"https:\/\/archive.sana.sy\/tr\/index.php?rest_route=\/wp\/v2\/posts"}],"about":[{"href":"https:\/\/archive.sana.sy\/tr\/index.php?rest_route=\/wp\/v2\/types\/post"}],"author":[{"embeddable":true,"href":"https:\/\/archive.sana.sy\/tr\/index.php?rest_route=\/wp\/v2\/users\/41"}],"replies":[{"embeddable":true,"href":"https:\/\/archive.sana.sy\/tr\/index.php?rest_route=%2Fwp%2Fv2%2Fcomments&post=308803"}],"version-history":[{"count":1,"href":"https:\/\/archive.sana.sy\/tr\/index.php?rest_route=\/wp\/v2\/posts\/308803\/revisions"}],"predecessor-version":[{"id":308804,"href":"https:\/\/archive.sana.sy\/tr\/index.php?rest_route=\/wp\/v2\/posts\/308803\/revisions\/308804"}],"wp:featuredmedia":[{"embeddable":true,"href":"https:\/\/archive.sana.sy\/tr\/index.php?rest_route=\/wp\/v2\/media\/308805"}],"wp:attachment":[{"href":"https:\/\/archive.sana.sy\/tr\/index.php?rest_route=%2Fwp%2Fv2%2Fmedia&parent=308803"}],"wp:term":[{"taxonomy":"category","embeddable":true,"href":"https:\/\/archive.sana.sy\/tr\/index.php?rest_route=%2Fwp%2Fv2%2Fcategories&post=308803"},{"taxonomy":"post_tag","embeddable":true,"href":"https:\/\/archive.sana.sy\/tr\/index.php?rest_route=%2Fwp%2Fv2%2Ftags&post=308803"}],"curies":[{"name":"wp","href":"https:\/\/api.w.org\/{rel}","templated":true}]}}